{"id":2200,"date":"2024-02-09T07:08:08","date_gmt":"2024-02-09T06:08:08","guid":{"rendered":"https:\/\/serbenidorm.daliisolutions.com\/index.php\/2024\/02\/09\/el-benidorm-viaja-rojales-en-una-jornada-propicia-para-sumar-tres-puntos\/"},"modified":"2024-02-09T07:08:08","modified_gmt":"2024-02-09T06:08:08","slug":"el-benidorm-viaja-rojales-en-una-jornada-propicia-para-sumar-tres-puntos","status":"publish","type":"post","link":"https:\/\/serbenidorm.daliisolutions.com\/index.php\/2024\/02\/09\/el-benidorm-viaja-rojales-en-una-jornada-propicia-para-sumar-tres-puntos\/","title":{"rendered":"El Benidorm viaja Rojales en una jornada propicia para sumar tres puntos"},"content":{"rendered":"  <p>Benidorm<\/p>   <p>Aunque en la Lliga Comunitat ning\u00fan partido puede considerarse como de mero tr\u00e1mite, el choque que este fin de semana medir\u00e1 al <a href=\"https:\/\/cadenaser.com\/tag\/club_futbol_benidorm\/a\/\" target=\"_blank\" rel=\"noopener\">CF Benidorm<\/a> y al Thader parece, cuanto menos, propicio para que los de Miguel \u00c1ngel Mart\u00ednez sigan sumando de tres en tres y, de esta manera, atando el ascenso directo a Tercera RFEF, un premio que s\u00f3lo conseguir\u00e1 el equipo que se proclame campe\u00f3n.<\/p>   <p>Los del Guillermo Amor, que<a href=\"https:\/\/cadenaser.com\/comunitat-valenciana\/2024\/02\/05\/la-nucia-se-reencuentra-con-la-victoria-77-dias-despues-radio-benidorm\/\" target=\"_blank\" rel=\"noopener\"> vienen de ganar, sufriendo, por 2-1 a L\u2019Oller\u00eda<\/a> en casa; aparecen como claros favoritos para el partido de Rojales, cuyo equipo se encuentra en la cuerda floja s\u00f3lo dos puntos por encima de los puestos de descenso.<\/p>   <p>Ahora, con nueve puntos de ventaja sobre el Eldense B, que tambi\u00e9n lo tiene aparentemente f\u00e1cil ante el J\u00e1vea, colista de la tabla con s\u00f3lo tres triunfos en lo que va de temporada, el Benidorm comienza ya a hacer n\u00fameros de cara a amarrar esa primera posici\u00f3n final de manera matem\u00e1tica lo antes posible.<\/p>   <p><b>La Nuc\u00eda, a confirmar la mejor\u00eda<\/b><\/p>   <p>Tras <a href=\"https:\/\/cadenaser.com\/comunitat-valenciana\/2024\/02\/05\/la-nucia-se-reencuentra-con-la-victoria-77-dias-despues-radio-benidorm\/\" target=\"_blank\" rel=\"noopener\">el triunfo conseguido hace una semana en casa ante el Torrent<\/a>, 77 d\u00edas despu\u00e9s de su \u00faltima victoria, el C.F. La Nuc\u00eda buscar\u00e1 confirmar este domingo su buen momento de forma y dar la sorpresa en su visita al campo del Sant Andreu, un equipo de la zona alta de la tabla y que fue uno de los grandes beneficiados por el logro de los rojillos ya que esa victoria permiti\u00f3 a los baleares abrir un hueco de tres puntos respecto al Torrent que los nucieros ahora tratar\u00e1n de evitar que se haga m\u00e1s grande.<\/p>   <p>El equipo de Mario Cartagena suma ya cuatro partidos sin conocer la derrota (tres empates y una victoria) en la que es, con mucha diferencia, su mejor racha en el presente campeonato.<\/p>   <p>Todo lo contrario sucede con el Sant Andreu, que encadena tres derrotas consecutivas, una crisis que La Nuc\u00eda tratar\u00e1 de hacer todav\u00eda m\u00e1s profunda y, de esta manera, seguir acerc\u00e1ndose a los puestos de salvaci\u00f3n, que se cotizan ahora diez puntos por encima de los 16 que acumulan los rojillos.<\/p> ","protected":false},"excerpt":{"rendered":"<p>La Nuc\u00eda quiere confirmar su mejor\u00eda a costa del Sant Andreu<\/p>\n","protected":false},"author":0,"featured_media":2201,"comment_status":"open","ping_status":"open","sticky":false,"template":"","format":"standard","meta":{"_acf_changed":false,"footnotes":""},"categories":[16],"tags":[],"class_list":["post-2200","post","type-post","status-publish","format-standard","has-post-thumbnail","hentry","category-deportes"],"acf":{"ser_id":"JH6ZQW7XQFAOBGKK2KVKVDS23E","ser_url":"https:\/\/cadenaser.com\/comunitat-valenciana\/2024\/02\/09\/el-benidorm-viaja-rojales-en-una-jornada-propicia-para-sumar-tres-puntos-radio-benidorm\/"},"_links":{"self":[{"href":"https:\/\/serbenidorm.daliisolutions.com\/index.php\/wp-json\/wp\/v2\/posts\/2200","targetHints":{"allow":["GET"]}}],"collection":[{"href":"https:\/\/serbenidorm.daliisolutions.com\/index.php\/wp-json\/wp\/v2\/posts"}],"about":[{"href":"https:\/\/serbenidorm.daliisolutions.com\/index.php\/wp-json\/wp\/v2\/types\/post"}],"replies":[{"embeddable":true,"href":"https:\/\/serbenidorm.daliisolutions.com\/index.php\/wp-json\/wp\/v2\/comments?post=2200"}],"version-history":[{"count":0,"href":"https:\/\/serbenidorm.daliisolutions.com\/index.php\/wp-json\/wp\/v2\/posts\/2200\/revisions"}],"wp:featuredmedia":[{"embeddable":true,"href":"https:\/\/serbenidorm.daliisolutions.com\/index.php\/wp-json\/wp\/v2\/media\/2201"}],"wp:attachment":[{"href":"https:\/\/serbenidorm.daliisolutions.com\/index.php\/wp-json\/wp\/v2\/media?parent=2200"}],"wp:term":[{"taxonomy":"category","embeddable":true,"href":"https:\/\/serbenidorm.daliisolutions.com\/index.php\/wp-json\/wp\/v2\/categories?post=2200"},{"taxonomy":"post_tag","embeddable":true,"href":"https:\/\/serbenidorm.daliisolutions.com\/index.php\/wp-json\/wp\/v2\/tags?post=2200"}],"curies":[{"name":"wp","href":"https:\/\/api.w.org\/{rel}","templated":true}]}}