{"id":22015,"date":"2026-01-30T20:03:22","date_gmt":"2026-01-30T19:03:22","guid":{"rendered":"https:\/\/serbenidorm.daliisolutions.com\/index.php\/2026\/01\/30\/las-tres-bandas-de-benidorm-juntas-por-primera-vez\/"},"modified":"2026-01-30T20:03:22","modified_gmt":"2026-01-30T19:03:22","slug":"las-tres-bandas-de-benidorm-juntas-por-primera-vez","status":"publish","type":"post","link":"https:\/\/serbenidorm.daliisolutions.com\/index.php\/2026\/01\/30\/las-tres-bandas-de-benidorm-juntas-por-primera-vez\/","title":{"rendered":"Las tres bandas de Benidorm, juntas por primera vez"},"content":{"rendered":" <p>Benidorm vivir\u00e1 este domingo un acontecimiento musical sin precedentes con la reuni\u00f3n, por primera vez, de las tres bandas de m\u00fasica de la ciudad en un mismo escenario. El concierto, organizado con motivo del centenario de la coronaci\u00f3n de la Mare de D\u00e9u, tendr\u00e1 lugar a las 12 del mediod\u00eda en el Auditorio Julio Iglesias y ha sido calificado como \u201c\u00fanico\u201d por sus propios protagonistas.<\/p>  <p>En el encuentro radiof\u00f3nico han participado <a href=\"https:\/\/cadenaser.com\/tag\/benidorm\/a\/\" target=\"_blank\" rel=\"nofollow\" title=\"https:\/\/cadenaser.com\/tag\/benidorm\/a\/\">Josep Cano, Francisco Jos\u00e9 Rovira y Mari Carmen Garc\u00eda, representantes de L\u2019Illa, La Nova y la Uni\u00f3n Musical de Benidorm<\/a>, respectivamente, adem\u00e1s de Juan Antonio Espinosa, impulsor de la iniciativa. Todos han coincidido en destacar la excepcionalidad del evento y el esfuerzo de coordinaci\u00f3n entre las bandas para hacer posible un concierto conjunto que simboliza la uni\u00f3n y la calidad musical de la ciudad.<\/p>  <p>El programa incluir\u00e1 el estreno de dos obras compuestas expresamente para esta conmemoraci\u00f3n y una extraordinaria n\u00f3mina de composiciones vinculadas tambi\u00e9n a la Uni\u00f3n Musical de Benidorm, que este 2026 celebra sus primeros cien a\u00f1os de vida.<\/p>  <p>Cano, Rovira y Garc\u00eda han puesto adem\u00e1s en valor el papel formativo y cultural de las tres bandas de la capital tur\u00edstica y han subrayado la necesidad de m\u00e1s apoyo institucional y de infraestructuras adecuadas para acoger grandes eventos musicales, recordando que, pese a contar con el auditorio del Conservatorio, la ciudad sigue sin un gran espacio cubierto para conciertos de estas dimensiones.<\/p>  <p>El colof\u00f3n del acto llegar\u00e1 con la interpretaci\u00f3n conjunta del <i>Fiesta en Benidorm<\/i>, de Rafael Dom\u00e9nech, que ser\u00e1 dirigida por el propio compositor, considerado una de las figuras clave de la m\u00fasica local para varias generaciones. <\/p> ","protected":false},"excerpt":{"rendered":"<p>El Auditorio Julio Iglesias acoger\u00e1 este domingo un concierto hist\u00f3rico por el centenario de la coronaci\u00f3n de la Mare de D\u00e9u del Sofratge y la participaci\u00f3n conjunta de La Nova, L\u2019Illa y la Uni\u00f3n Musical de Benidorm<\/p>\n","protected":false},"author":0,"featured_media":22016,"comment_status":"","ping_status":"open","sticky":false,"template":"","format":"standard","meta":{"_acf_changed":false,"footnotes":""},"categories":[1],"tags":[],"class_list":["post-22015","post","type-post","status-publish","format-standard","has-post-thumbnail","hentry","category-sin-categoria"],"acf":{"ser_id":"LPRPLULS2VFNFKOGIJCQPXSSIU","ser_url":"https:\/\/cadenaser.com\/comunitat-valenciana\/2026\/01\/30\/las-tres-bandas-de-benidorm-juntas-por-primera-vez-radio-benidorm\/"},"_links":{"self":[{"href":"https:\/\/serbenidorm.daliisolutions.com\/index.php\/wp-json\/wp\/v2\/posts\/22015","targetHints":{"allow":["GET"]}}],"collection":[{"href":"https:\/\/serbenidorm.daliisolutions.com\/index.php\/wp-json\/wp\/v2\/posts"}],"about":[{"href":"https:\/\/serbenidorm.daliisolutions.com\/index.php\/wp-json\/wp\/v2\/types\/post"}],"replies":[{"embeddable":true,"href":"https:\/\/serbenidorm.daliisolutions.com\/index.php\/wp-json\/wp\/v2\/comments?post=22015"}],"version-history":[{"count":0,"href":"https:\/\/serbenidorm.daliisolutions.com\/index.php\/wp-json\/wp\/v2\/posts\/22015\/revisions"}],"wp:featuredmedia":[{"embeddable":true,"href":"https:\/\/serbenidorm.daliisolutions.com\/index.php\/wp-json\/wp\/v2\/media\/22016"}],"wp:attachment":[{"href":"https:\/\/serbenidorm.daliisolutions.com\/index.php\/wp-json\/wp\/v2\/media?parent=22015"}],"wp:term":[{"taxonomy":"category","embeddable":true,"href":"https:\/\/serbenidorm.daliisolutions.com\/index.php\/wp-json\/wp\/v2\/categories?post=22015"},{"taxonomy":"post_tag","embeddable":true,"href":"https:\/\/serbenidorm.daliisolutions.com\/index.php\/wp-json\/wp\/v2\/tags?post=22015"}],"curies":[{"name":"wp","href":"https:\/\/api.w.org\/{rel}","templated":true}]}}