{"id":2204,"date":"2024-02-09T07:08:09","date_gmt":"2024-02-09T06:08:09","guid":{"rendered":"https:\/\/serbenidorm.daliisolutions.com\/index.php\/2024\/02\/09\/el-servigroup-benidorm-vuelve-a-casa-para-medirse-al-colista\/"},"modified":"2024-02-09T07:08:09","modified_gmt":"2024-02-09T06:08:09","slug":"el-servigroup-benidorm-vuelve-a-casa-para-medirse-al-colista","status":"publish","type":"post","link":"https:\/\/serbenidorm.daliisolutions.com\/index.php\/2024\/02\/09\/el-servigroup-benidorm-vuelve-a-casa-para-medirse-al-colista\/","title":{"rendered":"El Servigroup Benidorm vuelve a casa para medirse al colista"},"content":{"rendered":"  <p>Benidorm<\/p>   <p>El Club Baloncesto Benidorm ha preparado, en colaboraci\u00f3n con la Fundaci\u00f3n Unoentrecienmil, una jornada solidaria para este fin de semana en la que se han propuesto recaudar un euro por cada uno de los puntos que anoten sus equipos en los partidos que disputen en el Palau d\u2019Esports l\u2019Illa de Benidorm.<\/p>   <p>Con el objetivo de recaudar la mayor cantidad de dinero posible para colaborar en la lucha contra el c\u00e1ncer infantil, el Servigroup Benidorm de Liga EBA disputar\u00e1 el choque estrella del fin de semana midi\u00e9ndose el domingo (18:30 horas) al Jorge Juan, colista de la clasificaci\u00f3n y, por lo tanto, un rival, a priori, propicio para seguir sumando victorias y no perder la estela de los primeros puestos de la tabla.<\/p>   <p>Los de \u00d3scar Retortillo, adem\u00e1s, han disfrutado de dos semanas de descanso despu\u00e9s de haber tenido que aplazar su choque previsto para el pasado fin de semana ante el Elche al d\u00eda 27 de marzo debido a la celebraci\u00f3n, en el Palau d\u2019Esports, del Benidorm Fest.<\/p>   <p>Los de Benidorm ocupan actualmente la cuarta plaza, aunque con un partido menos. Por ello, una victoria ante el Jorge Juan se antoja fundamental para seguir cerca de Gand\u00eda y Archena, los dos equipos con los que, hasta ahora, han venido luchando por el liderato.<\/p> ","protected":false},"excerpt":{"rendered":"<p>Ser\u00e1 el partido estrella de una jornada solidaria para recaudar fondos contra el c\u00e1ncer infantil<\/p>\n","protected":false},"author":0,"featured_media":2205,"comment_status":"open","ping_status":"open","sticky":false,"template":"","format":"standard","meta":{"_acf_changed":false,"footnotes":""},"categories":[16],"tags":[],"class_list":["post-2204","post","type-post","status-publish","format-standard","has-post-thumbnail","hentry","category-deportes"],"acf":{"ser_id":"RYUM3HA32JCKFHRZ4LYAWSDM6A","ser_url":"https:\/\/cadenaser.com\/comunitat-valenciana\/2024\/02\/09\/el-servigroup-benidorm-vuelve-a-casa-para-medirse-al-colista-radio-benidorm\/"},"_links":{"self":[{"href":"https:\/\/serbenidorm.daliisolutions.com\/index.php\/wp-json\/wp\/v2\/posts\/2204","targetHints":{"allow":["GET"]}}],"collection":[{"href":"https:\/\/serbenidorm.daliisolutions.com\/index.php\/wp-json\/wp\/v2\/posts"}],"about":[{"href":"https:\/\/serbenidorm.daliisolutions.com\/index.php\/wp-json\/wp\/v2\/types\/post"}],"replies":[{"embeddable":true,"href":"https:\/\/serbenidorm.daliisolutions.com\/index.php\/wp-json\/wp\/v2\/comments?post=2204"}],"version-history":[{"count":0,"href":"https:\/\/serbenidorm.daliisolutions.com\/index.php\/wp-json\/wp\/v2\/posts\/2204\/revisions"}],"wp:featuredmedia":[{"embeddable":true,"href":"https:\/\/serbenidorm.daliisolutions.com\/index.php\/wp-json\/wp\/v2\/media\/2205"}],"wp:attachment":[{"href":"https:\/\/serbenidorm.daliisolutions.com\/index.php\/wp-json\/wp\/v2\/media?parent=2204"}],"wp:term":[{"taxonomy":"category","embeddable":true,"href":"https:\/\/serbenidorm.daliisolutions.com\/index.php\/wp-json\/wp\/v2\/categories?post=2204"},{"taxonomy":"post_tag","embeddable":true,"href":"https:\/\/serbenidorm.daliisolutions.com\/index.php\/wp-json\/wp\/v2\/tags?post=2204"}],"curies":[{"name":"wp","href":"https:\/\/api.w.org\/{rel}","templated":true}]}}