{"id":22056,"date":"2026-02-01T17:22:13","date_gmt":"2026-02-01T16:22:13","guid":{"rendered":"https:\/\/serbenidorm.daliisolutions.com\/index.php\/2026\/02\/01\/felipe-orts-septimo-logra-en-hulst-su-mejor-resultado-mundialista\/"},"modified":"2026-02-01T17:22:13","modified_gmt":"2026-02-01T16:22:13","slug":"felipe-orts-septimo-logra-en-hulst-su-mejor-resultado-mundialista","status":"publish","type":"post","link":"https:\/\/serbenidorm.daliisolutions.com\/index.php\/2026\/02\/01\/felipe-orts-septimo-logra-en-hulst-su-mejor-resultado-mundialista\/","title":{"rendered":"Felipe Orts, s\u00e9ptimo, logra en Hulst su mejor resultado mundialista"},"content":{"rendered":" <p>El vilero Felipe Orts ha conseguido este domingo su mejor actuaci\u00f3n de siempre en un Campeonato del Mundo de ciclocross en categor\u00eda \u00c9lite tras terminar s\u00e9ptimo en el circuito neerland\u00e9s de Hulst, donde Mathieu Van der Poel sum\u00f3 su octavo oro consecutivo convirti\u00e9ndose en el hombre con m\u00e1s t\u00edtulos de la historia en la especialidad invernal del ciclismo.<\/p>  <p>Van der Poel protagoniz\u00f3 otro de sus ya famosos mon\u00f3logos sobre la bicicleta mientras que por detr\u00e1s el belga Thibau Nys y el neerland\u00e9s Tibor Del Grosso protagonizaban una preciosa pelea por la plata.<\/p>  <p>En un circuito muy t\u00e9cnico y cambiante, especialmente y debido a la aparici\u00f3n de la lluvia, en la parte final de la jornada; Del Grosso aprovech\u00f3 un error de Nys en la \u00faltima vuelta para amarrar la segunda plaza y dejar al hijo del \u2018Can\u00edbal de Baal\u2019 con el tercer escal\u00f3n del podio.<\/p>  <p>Por detr\u00e1s, Felipe Orts supo rehacerse de una muy mala salida y a falta de tres vueltas para el final lanz\u00f3 su propia apuesta para amarrar la cuarta plaza. Fue toda una declaraci\u00f3n de intenciones de un Orts que hab\u00eda pasado buena parte de la semana en cama aquejado de un virus que, incluso, le impidi\u00f3 participar el viernes en la prueba de relevos por equipos.<\/p>  <p>El trabajo conjunto de la selecci\u00f3n belga consigui\u00f3 volver a neutralizar al de La Vila Joiosa, que finalmente cerr\u00f3 su presencia en Hulst con una fenomenal s\u00e9ptima posici\u00f3n, su mejor resultado en un Campeonato del Mundo de categor\u00eda \u00c9lite.<\/p> ","protected":false},"excerpt":{"rendered":"<p>Mathieu Van der Poel hizo buenos los pron\u00f3sticos y se colg\u00f3 su octavo oro consecutivo<\/p>\n","protected":false},"author":0,"featured_media":22057,"comment_status":"","ping_status":"open","sticky":false,"template":"","format":"standard","meta":{"_acf_changed":false,"footnotes":""},"categories":[16],"tags":[],"class_list":["post-22056","post","type-post","status-publish","format-standard","has-post-thumbnail","hentry","category-deportes"],"acf":{"ser_id":"F76MMJPNVRGFXIIQ3L6HA2W5AE","ser_url":"https:\/\/cadenaser.com\/comunitat-valenciana\/2026\/02\/01\/felipe-orts-septimo-logra-en-hulst-su-mejor-resultado-mundialista-radio-benidorm\/"},"_links":{"self":[{"href":"https:\/\/serbenidorm.daliisolutions.com\/index.php\/wp-json\/wp\/v2\/posts\/22056","targetHints":{"allow":["GET"]}}],"collection":[{"href":"https:\/\/serbenidorm.daliisolutions.com\/index.php\/wp-json\/wp\/v2\/posts"}],"about":[{"href":"https:\/\/serbenidorm.daliisolutions.com\/index.php\/wp-json\/wp\/v2\/types\/post"}],"replies":[{"embeddable":true,"href":"https:\/\/serbenidorm.daliisolutions.com\/index.php\/wp-json\/wp\/v2\/comments?post=22056"}],"version-history":[{"count":0,"href":"https:\/\/serbenidorm.daliisolutions.com\/index.php\/wp-json\/wp\/v2\/posts\/22056\/revisions"}],"wp:featuredmedia":[{"embeddable":true,"href":"https:\/\/serbenidorm.daliisolutions.com\/index.php\/wp-json\/wp\/v2\/media\/22057"}],"wp:attachment":[{"href":"https:\/\/serbenidorm.daliisolutions.com\/index.php\/wp-json\/wp\/v2\/media?parent=22056"}],"wp:term":[{"taxonomy":"category","embeddable":true,"href":"https:\/\/serbenidorm.daliisolutions.com\/index.php\/wp-json\/wp\/v2\/categories?post=22056"},{"taxonomy":"post_tag","embeddable":true,"href":"https:\/\/serbenidorm.daliisolutions.com\/index.php\/wp-json\/wp\/v2\/tags?post=22056"}],"curies":[{"name":"wp","href":"https:\/\/api.w.org\/{rel}","templated":true}]}}