{"id":22058,"date":"2026-02-02T07:01:28","date_gmt":"2026-02-02T06:01:28","guid":{"rendered":"https:\/\/serbenidorm.daliisolutions.com\/index.php\/2026\/02\/02\/el-balonmano-servigroup-benidorm-pone-las-cosas-en-su-sitio-ante-el-malaga\/"},"modified":"2026-02-02T07:01:28","modified_gmt":"2026-02-02T06:01:28","slug":"el-balonmano-servigroup-benidorm-pone-las-cosas-en-su-sitio-ante-el-malaga","status":"publish","type":"post","link":"https:\/\/serbenidorm.daliisolutions.com\/index.php\/2026\/02\/02\/el-balonmano-servigroup-benidorm-pone-las-cosas-en-su-sitio-ante-el-malaga\/","title":{"rendered":"El Balonmano Servigroup Benidorm pone las cosas en su sitio ante el M\u00e1laga"},"content":{"rendered":" <p>En la liga cada victoria, por ajustada u holgada que sea, vale exactamente lo mismo. Sin embargo, hay partidos que, aunque s\u00f3lo se traduzcan en dos puntos m\u00e1s en la clasificaci\u00f3n, tienen un valor distinto en muchos otros \u00e1mbitos igual de importantes en una competici\u00f3n tan larga como es, en este caso, la de la Divisi\u00f3n de Honor Plata del balonmano nacional. Por ello, el triunfo por 36-23 del Balonmano Servigroup Benidorm ante el M\u00e1laga debe leerse, obligatoriamente, desde prismas variados.<\/p>  <p>El primero y m\u00e1s importante, claro est\u00e1, es el meramente deportivo, el que se refiere a lo visto sobre el 40&#215;20. Ah\u00ed, esta 18\u00aa jornada de competici\u00f3n (la tercera de Alejandro Cutanda al frente del banquillo) evidenci\u00f3 un antes y un despu\u00e9s para un Balonmano Servigroup Benidorm que parece haber dado un paso de gigante en su comuni\u00f3n con los preceptos de su nuevo entrenador.<\/p>  <p>Tras un inicio algo dubitativo, con un M\u00e1laga volcado sobre la porter\u00eda defendida por un Samuel Ib\u00e1\u00f1ez que parece no tener techo en su gran momento de forma y confianza, el Balonmano Servigroup Benidorm necesit\u00f3 algo m\u00e1s de diez minutos para terminar de creerse que, pese a jugar en el Pabell\u00f3n Garganes de Altea, lo hac\u00eda como local.<\/p>  <p>Superada esa barrera, los de \u2018Cuti\u2019 se hicieron due\u00f1os y se\u00f1ores no s\u00f3lo del juego; sino tambi\u00e9n de un marcador en el que pasaron del 8-8 al 17-8 en diez minutos de aut\u00e9ntico hurac\u00e1n que dejaron el partido m\u00e1s que encarrilado.<\/p>  <p>Ya en la segunda mitad, el Balonmano Servigroup Benidorm supo hacer lo que tocaba, es decir, administrar esa gran ventaja con la que se march\u00f3 al descanso de la manera m\u00e1s inteligente, que pasaba por impedir que el M\u00e1laga se acercara de forma peligrosa en el luminoso y, a la vez, asumir el m\u00ednimo desgaste posible tras una semana tan intensa como la que han tenido los jugadores locales, para llegar al final con ese marcador de 36-23.<\/p>  <p>La otra lectura, no menos importante, que se saca de este partido es la sensaci\u00f3n de haber saldado cuentas con dos pesadas mochilas. La primera, claro est\u00e1, es la que representaba un rival, el M\u00e1laga, que se hab\u00eda convertido en la bestia negra de los benidormenses este curso tras las dos derrotas cosechadas en la ciudad andaluza tanto en liga como en Copa.<\/p>  <p>La segunda, muy psicol\u00f3gica, la de volver a la senda de la victoria y hacerlo, por vez primera (tras el empate ante Oviedo y la derrota en Sagunto) con Cutanda en el banquillo. Ahora, tocar\u00e1 confirmar las buenas sensaciones dentro de una semana visitando a otro equipo de la zona baja como es el Soria.<\/p> ","protected":false},"excerpt":{"rendered":"<p>Los de Alejandro Cutanda se vengan de la afrenta sufrida en la primera vuelta y vuelven a la senda de la victoria<\/p>\n","protected":false},"author":0,"featured_media":22059,"comment_status":"","ping_status":"open","sticky":false,"template":"","format":"standard","meta":{"_acf_changed":false,"footnotes":""},"categories":[16],"tags":[],"class_list":["post-22058","post","type-post","status-publish","format-standard","has-post-thumbnail","hentry","category-deportes"],"acf":{"ser_id":"OYZJU7TZEBDG7FCTRPACQJISLM","ser_url":"https:\/\/cadenaser.com\/comunitat-valenciana\/2026\/02\/01\/el-balonmano-servigroup-benidorm-pone-las-cosas-en-su-sitio-ante-el-malaga-radio-benidorm\/"},"_links":{"self":[{"href":"https:\/\/serbenidorm.daliisolutions.com\/index.php\/wp-json\/wp\/v2\/posts\/22058","targetHints":{"allow":["GET"]}}],"collection":[{"href":"https:\/\/serbenidorm.daliisolutions.com\/index.php\/wp-json\/wp\/v2\/posts"}],"about":[{"href":"https:\/\/serbenidorm.daliisolutions.com\/index.php\/wp-json\/wp\/v2\/types\/post"}],"replies":[{"embeddable":true,"href":"https:\/\/serbenidorm.daliisolutions.com\/index.php\/wp-json\/wp\/v2\/comments?post=22058"}],"version-history":[{"count":0,"href":"https:\/\/serbenidorm.daliisolutions.com\/index.php\/wp-json\/wp\/v2\/posts\/22058\/revisions"}],"wp:featuredmedia":[{"embeddable":true,"href":"https:\/\/serbenidorm.daliisolutions.com\/index.php\/wp-json\/wp\/v2\/media\/22059"}],"wp:attachment":[{"href":"https:\/\/serbenidorm.daliisolutions.com\/index.php\/wp-json\/wp\/v2\/media?parent=22058"}],"wp:term":[{"taxonomy":"category","embeddable":true,"href":"https:\/\/serbenidorm.daliisolutions.com\/index.php\/wp-json\/wp\/v2\/categories?post=22058"},{"taxonomy":"post_tag","embeddable":true,"href":"https:\/\/serbenidorm.daliisolutions.com\/index.php\/wp-json\/wp\/v2\/tags?post=22058"}],"curies":[{"name":"wp","href":"https:\/\/api.w.org\/{rel}","templated":true}]}}