{"id":22072,"date":"2026-02-02T14:13:42","date_gmt":"2026-02-02T13:13:42","guid":{"rendered":"https:\/\/serbenidorm.daliisolutions.com\/index.php\/2026\/02\/02\/primeros-cortes-de-trafico-en-villajoyosa-por-las-obras-del-puente\/"},"modified":"2026-02-02T14:13:42","modified_gmt":"2026-02-02T13:13:42","slug":"primeros-cortes-de-trafico-en-villajoyosa-por-las-obras-del-puente","status":"publish","type":"post","link":"https:\/\/serbenidorm.daliisolutions.com\/index.php\/2026\/02\/02\/primeros-cortes-de-trafico-en-villajoyosa-por-las-obras-del-puente\/","title":{"rendered":"Primeros cortes de tr\u00e1fico en Villajoyosa por las obras del puente"},"content":{"rendered":" <p>A partir de este martes, 3 de febrero, se modificar\u00e1 el tr\u00e1fico rodado del centro urbano debido a las obras de rehabilitaci\u00f3n del puente de la calle Cervantes, situado sobre el cauce del r\u00edo Amadorio de Villajoyosa. El puente dispondr\u00e1 de un solo carril de circulaci\u00f3n en direcci\u00f3n a Benidorm y se cortar\u00e1 el carril en direcci\u00f3n a Alicante. Los peatones podr\u00e1n circular por la acera disponible en sentido al centro urbano.<\/p>  <p>El corte de tr\u00e1fico de este carril est\u00e1 previsto que se realice a las 12 horas este martes. <a href=\"https:\/\/cadenaser.com\/tag\/benidorm\/a\/\" target=\"_blank\" rel=\"nofollow\" title=\"https:\/\/cadenaser.com\/tag\/benidorm\/a\/\">De forma provisional, y mientras duren las obras, el itinerario en direcci\u00f3n a Alicante se realizar\u00e1 por la playa y se podr\u00e1 acceder desde la avenida Varadero o la Costera de la Mar para recorrer la avenida del Port, el paseo Doctor \u00c1lvaro Esquerdo y calle Arsenal hasta llegar a la calle Pelayo. En ese punto, los veh\u00edculos tambi\u00e9n podr\u00e1n circular por la calle Puntes del Moro, hasta la avenida de l\u2019Antoneta para enlazar con la avenida Marina Baixa. El itinerario de la avenida Pa\u00eds Valenci\u00e0 con sentido de circulaci\u00f3n hacia Alicante llegar\u00e1 hasta la plaza de la Generalitat<\/a>.<\/p>  <p>Este itinerario alternativo contar\u00e1 con se\u00f1alizaci\u00f3n informativa en varios puntos del municipio, como en la avenida Pa\u00eds Valenci\u00e0, la avenida Juan Carlos I o en la rotonda de Chocolates Valor, en uno de los accesos principales al municipio. Tambi\u00e9n en el pol\u00edgono industrial de El Torres, en la rotonda de acceso al puerto. <\/p>  <p>Las obras de ampliaci\u00f3n del tablero del Puente del r\u00edo Amadorio (calle Cervantes) de Villajoyosa prev\u00e9n no solo garantizar la seguridad estructural futura, sino que tiene como eje central mejorar la accesibilidad de los peatones con la ampliaci\u00f3n de aceras hasta los 2,4 metros de ancho.<\/p>  <p>El plazo de ejecuci\u00f3n de los trabajos es de cinco meses y cuentan con una inversi\u00f3n de 858.387 euros. El proyecto est\u00e1 incluido en el plan de inversiones plurianual al que el Ayuntamiento destinar\u00e1 m\u00e1s de 23 millones de euros.<\/p>  <p>Los trabajos que se van a ejecutar incluyen una losa continua de hormig\u00f3n que ampliar\u00e1 la anchura del puente en 0,50 metros por lado, hasta alcanzar un ancho final de 11 metros con una calzada de 6,20 metros y aceras de 2,4 metros de ancho. Las obras incluir\u00e1n adem\u00e1s la mejora de las redes de agua potable, telecomunicaciones y drenaje; y la red de alumbrado y sem\u00e1foros. Se mejorar\u00e1 el pavimento y la est\u00e9tica urbana.<\/p>  <p>El puente de Cervantes fue construido entre 1840 y 1868 y cumple una funci\u00f3n fundamental de conexi\u00f3n en el municipio dando servicio a veh\u00edculos y peatones. Esta infraestructura se compone de 5 b\u00f3vedas de ladrillo que dan paso a cinco arcos de medio punto de 9 metros de luz cada uno sustentados en pilas de distinto grosor. Alrededor del a\u00f1o 1950 se procedi\u00f3 a ejecutar una ampliaci\u00f3n del tablero con tipolog\u00eda tipo ribera, que fue la que ha supuesto uno de los puntos conflictivos a nivel estructural en las obras que se suspendieron en julio de 2025. Esta ampliaci\u00f3n, concebida para alojar aceras y luminarias, fue proyectada con una anchura \u00fatil de apenas 1,35 metros.<\/p>  <p>El proyecto de restauraci\u00f3n del puente, redactado en 2021 por el anterior equipo de gobierno, y cuyas obras se iniciaron en el mes de noviembre de 2024, se centraba inicialmente en la reparaci\u00f3n de los da\u00f1os ocasionados por el paso del tiempo, como la humedad en la estructura y las filtraciones de agua. Los trabajos in situ revelaron deficiencias en ampliaciones pasadas, por lo que el actual gobierno local tom\u00f3 la decisi\u00f3n de suspender las obras e incorporar modificaciones t\u00e9cnicas y funcionales significativas, con el objetivo de asegurar la durabilidad a largo plazo de la infraestructura y mejorar sustancialmente la accesibilidad y la movilidad en el puente.<\/p> ","protected":false},"excerpt":{"rendered":"<p>El puente de la calle Cervantes dispondr\u00e1 de un solo carril de circulaci\u00f3n en direcci\u00f3n a Benidorm y se cortar\u00e1 el carril en direcci\u00f3n a Alicante<\/p>\n","protected":false},"author":0,"featured_media":22073,"comment_status":"","ping_status":"open","sticky":false,"template":"","format":"standard","meta":{"_acf_changed":false,"footnotes":""},"categories":[1],"tags":[],"class_list":["post-22072","post","type-post","status-publish","format-standard","has-post-thumbnail","hentry","category-sin-categoria"],"acf":{"ser_id":"CGNUHULJW5GAFOM5C6ICEGQSME","ser_url":"https:\/\/cadenaser.com\/comunitat-valenciana\/2026\/02\/02\/primeros-cortes-de-trafico-en-villajoyosa-por-las-obras-del-puente-radio-benidorm\/"},"_links":{"self":[{"href":"https:\/\/serbenidorm.daliisolutions.com\/index.php\/wp-json\/wp\/v2\/posts\/22072","targetHints":{"allow":["GET"]}}],"collection":[{"href":"https:\/\/serbenidorm.daliisolutions.com\/index.php\/wp-json\/wp\/v2\/posts"}],"about":[{"href":"https:\/\/serbenidorm.daliisolutions.com\/index.php\/wp-json\/wp\/v2\/types\/post"}],"replies":[{"embeddable":true,"href":"https:\/\/serbenidorm.daliisolutions.com\/index.php\/wp-json\/wp\/v2\/comments?post=22072"}],"version-history":[{"count":0,"href":"https:\/\/serbenidorm.daliisolutions.com\/index.php\/wp-json\/wp\/v2\/posts\/22072\/revisions"}],"wp:featuredmedia":[{"embeddable":true,"href":"https:\/\/serbenidorm.daliisolutions.com\/index.php\/wp-json\/wp\/v2\/media\/22073"}],"wp:attachment":[{"href":"https:\/\/serbenidorm.daliisolutions.com\/index.php\/wp-json\/wp\/v2\/media?parent=22072"}],"wp:term":[{"taxonomy":"category","embeddable":true,"href":"https:\/\/serbenidorm.daliisolutions.com\/index.php\/wp-json\/wp\/v2\/categories?post=22072"},{"taxonomy":"post_tag","embeddable":true,"href":"https:\/\/serbenidorm.daliisolutions.com\/index.php\/wp-json\/wp\/v2\/tags?post=22072"}],"curies":[{"name":"wp","href":"https:\/\/api.w.org\/{rel}","templated":true}]}}