{"id":22094,"date":"2026-02-03T10:58:52","date_gmt":"2026-02-03T09:58:52","guid":{"rendered":"https:\/\/serbenidorm.daliisolutions.com\/index.php\/2026\/02\/03\/las-200-millas-a-2-de-altea-cumplen-40-anos-con-record-de-inscritos\/"},"modified":"2026-02-03T10:58:52","modified_gmt":"2026-02-03T09:58:52","slug":"las-200-millas-a-2-de-altea-cumplen-40-anos-con-record-de-inscritos","status":"publish","type":"post","link":"https:\/\/serbenidorm.daliisolutions.com\/index.php\/2026\/02\/03\/las-200-millas-a-2-de-altea-cumplen-40-anos-con-record-de-inscritos\/","title":{"rendered":"Las 200 millas a 2 de Altea cumplen 40 a\u00f1os con r\u00e9cord de inscritos"},"content":{"rendered":" <p>Las 200 Millas a 2 de Altea, una de las citas n\u00e1uticas m\u00e1s emblem\u00e1ticas del calendario nacional, celebra en 2026 una edici\u00f3n hist\u00f3rica. La prueba, que conmemora su 40\u00aa edici\u00f3n y ha sido designada Campeonato de Europa ORC a 2, cuenta ya con 70 embarcaciones inscritas, una cifra r\u00e9cord que confirma su excelente estado de salud y su creciente proyecci\u00f3n internacional.<\/p>  <p>M\u00e1s all\u00e1 del hito deportivo, la edici\u00f3n de 2026 se convertir\u00e1 tambi\u00e9n en un aut\u00e9ntico escaparate de la cultura mar\u00edtima, gracias a una ambiciosa agenda de actividades paralelas impulsadas por el Club N\u00e1utico de Altea. Durante el mes previo a la competici\u00f3n, que se disputar\u00e1 del 1 al 7 de marzo de 2026, el municipio acoger\u00e1 charlas, talleres, cine, literatura, simulacros de rescate y acciones medioambientales, todas ellas gratuitas y abiertas a la ciudadan\u00eda.<\/p>  <p>Bajo el t\u00edtulo \u201cAventuras n\u00e1uticas reales\u201d, la Casa de Cultura de Altea ser\u00e1 el escenario de una serie de charlas protagonizadas por grandes figuras de la navegaci\u00f3n oce\u00e1nica, que se celebrar\u00e1n cada jueves del mes de febrero. El 5 de febrero, Elena Serrano Jim\u00e9nez abrir\u00e1 el ciclo con la conferencia \u201cVuelta al mundo sin prisas\u201d, en la que relatar\u00e1 su experiencia vital tras superar un c\u00e1ncer y embarcarse en una traves\u00eda de once a\u00f1os alrededor del mundo.<\/p>  <p>El 12 de febrero, el fot\u00f3grafo Peder Jacobsson ofrecer\u00e1 la charla \u201cCruzar el Atl\u00e1ntico con un barco vikingo y otras singladuras hist\u00f3ricas\u201d, una expedici\u00f3n por el \u00c1rtico a bordo del mayor barco vikingo construido en tiempos modernos. El 19 de febrero, el protagonismo ser\u00e1 para el regatista alteano Carlos Olson, que explicar\u00e1 c\u00f3mo logr\u00f3 cruzar el Atl\u00e1ntico en solitario en la exigente Mini-Transat. El ciclo se cerrar\u00e1 el 26 de febrero con Alex Pella, quien compartir\u00e1 su experiencia batiendo el R\u00e9cord Absoluto de la Vuelta al Mundo a vela en 40 d\u00edas a bordo del trimar\u00e1n IDEC Sport.<\/p>  <p>La seguridad mar\u00edtima ser\u00e1 otro de los pilares del programa paralelo. El viernes 6 de febrero, el puerto de Altea acoger\u00e1 un simulacro de rescate mar\u00edtimo en colaboraci\u00f3n con Salvamento Mar\u00edtimo. Adem\u00e1s, entre los d\u00edas 6 y 8 de febrero, se impartir\u00e1 un curso intensivo de supervivencia, seguridad mar\u00edtima y primeros auxilios, dirigido especialmente a navegantes y deportistas vinculados al mar.<\/p>  <p>La vertiente cultural se completar\u00e1 con propuestas como la sesi\u00f3n del Club de Lectura del Club N\u00e1utico de Altea, prevista para el 13 de febrero y centrada en la obra \u201cDe dos en dos\u201d, as\u00ed como la proyecci\u00f3n del documental \u201cWomen and the Wind\u201d (2025), que tendr\u00e1 lugar el 20 de febrero en el Centro Social de Altea a las 19:00 horas.<\/p>  <p>El compromiso medioambiental volver\u00e1 a ser una se\u00f1a de identidad del evento. La Fundaci\u00f3n Ecomar, aliada del Club N\u00e1utico, liderar\u00e1 durante la \u201csemana 200 millas\u201d diversas acciones educativas y de sostenibilidad, con talleres dirigidos a escolares de primaria y actividades de recogida de residuos en playas, reforzando la concienciaci\u00f3n sobre la protecci\u00f3n del entorno marino.<\/p>  <p>Como colof\u00f3n, la goleta Tirant Primer protagonizar\u00e1 el 5 de marzo una salida simb\u00f3lica conmemorativa, mientras que el 6 de marzo se celebrar\u00e1n talleres educativos con alumnado de secundaria, estrechando los lazos entre la tradici\u00f3n n\u00e1utica y las nuevas generaciones.<\/p>  <p>Estas actividades enriquecen una edici\u00f3n ya hist\u00f3rica de las 200 Millas A2 de Altea, que este a\u00f1o da un salto definitivo en el \u00e1mbito internacional con su designaci\u00f3n como Campeonato de Europa ORC a 2 por el Offshore Racing Congress. <\/p> ","protected":false},"excerpt":{"rendered":"<p>La prueba celebra sus primeras cuatro d\u00e9cadas como Campeonato de Europa ORC a 2<\/p>\n","protected":false},"author":0,"featured_media":22095,"comment_status":"","ping_status":"open","sticky":false,"template":"","format":"standard","meta":{"_acf_changed":false,"footnotes":""},"categories":[16],"tags":[],"class_list":["post-22094","post","type-post","status-publish","format-standard","has-post-thumbnail","hentry","category-deportes"],"acf":{"ser_id":"3TE44JXYXJEW5ONOJ5FYAM6PIE","ser_url":"https:\/\/cadenaser.com\/comunitat-valenciana\/2026\/02\/03\/las-200-millas-a-2-de-altea-cumplen-40-anos-con-record-de-inscritos-radio-benidorm\/"},"_links":{"self":[{"href":"https:\/\/serbenidorm.daliisolutions.com\/index.php\/wp-json\/wp\/v2\/posts\/22094","targetHints":{"allow":["GET"]}}],"collection":[{"href":"https:\/\/serbenidorm.daliisolutions.com\/index.php\/wp-json\/wp\/v2\/posts"}],"about":[{"href":"https:\/\/serbenidorm.daliisolutions.com\/index.php\/wp-json\/wp\/v2\/types\/post"}],"replies":[{"embeddable":true,"href":"https:\/\/serbenidorm.daliisolutions.com\/index.php\/wp-json\/wp\/v2\/comments?post=22094"}],"version-history":[{"count":0,"href":"https:\/\/serbenidorm.daliisolutions.com\/index.php\/wp-json\/wp\/v2\/posts\/22094\/revisions"}],"wp:featuredmedia":[{"embeddable":true,"href":"https:\/\/serbenidorm.daliisolutions.com\/index.php\/wp-json\/wp\/v2\/media\/22095"}],"wp:attachment":[{"href":"https:\/\/serbenidorm.daliisolutions.com\/index.php\/wp-json\/wp\/v2\/media?parent=22094"}],"wp:term":[{"taxonomy":"category","embeddable":true,"href":"https:\/\/serbenidorm.daliisolutions.com\/index.php\/wp-json\/wp\/v2\/categories?post=22094"},{"taxonomy":"post_tag","embeddable":true,"href":"https:\/\/serbenidorm.daliisolutions.com\/index.php\/wp-json\/wp\/v2\/tags?post=22094"}],"curies":[{"name":"wp","href":"https:\/\/api.w.org\/{rel}","templated":true}]}}