{"id":22101,"date":"2026-02-03T13:21:00","date_gmt":"2026-02-03T12:21:00","guid":{"rendered":"https:\/\/serbenidorm.daliisolutions.com\/index.php\/2026\/02\/03\/la-copa-del-mundo-de-ciclocross-volvera-a-benidorm-en-2027\/"},"modified":"2026-02-03T13:21:00","modified_gmt":"2026-02-03T12:21:00","slug":"la-copa-del-mundo-de-ciclocross-volvera-a-benidorm-en-2027","status":"publish","type":"post","link":"https:\/\/serbenidorm.daliisolutions.com\/index.php\/2026\/02\/03\/la-copa-del-mundo-de-ciclocross-volvera-a-benidorm-en-2027\/","title":{"rendered":"La Copa del Mundo de ciclocross volver\u00e1 a Benidorm en 2027"},"content":{"rendered":" <p>Todav\u00eda con la resaca emocional del podio conseguido el pasado d\u00eda 18 de enero por el vilero Felipe Orts muy presente en la memoria, la Uni\u00f3n Ciclista Internacional (UCI) ha hecho p\u00fablico el calendario de la Copa del Mundo de ciclocross 2026-2027 confirmando que los parques de El Moralet y Foietes de Benidorm ser\u00e1n el escenario de la quinta edici\u00f3n de la \u00fanica prueba espa\u00f1ola del torneo m\u00e1s importante de la especialidad invernal del ciclismo.<\/p>  <p>Convertido en uno de los elementos dinamizadores del turismo de Benidorm y de toda la Costa Blanca en plena temporada baja, el fin de semana del \u2018BenidormCX\u2019 tendr\u00e1 en el domingo, 17 de enero de 2027 su momento \u00e1lgido despu\u00e9s de, como ya es tradici\u00f3n, dedicar el s\u00e1bado a las carreras de las categor\u00edas inferiores, una propuesta de la que s\u00f3lo Benidorm puede presumir entre todas las que puntuables de la Copa del Mundo.<\/p>  <p>\u201cVa a ser la quinta ocasi\u00f3n consecutiva en que disfrutemos de la Copa del Mundo de Ciclocross en Benidorm\u201d, celebra Pascual Momparler, organizador del evento. \u201cEs un \u00e9xito que llega gracias a todos los que creen en este sue\u00f1o y lo comparten con nosotros. Somos una de las pocas carreras que la UCI mantiene a\u00f1o tras a\u00f1o en este calendario, y que adem\u00e1s es una referencia para el resto de organizaciones. Esto nos enorgullece porque nos permite seguir siendo un motor econ\u00f3mico para la Costa Blanca en pleno mes de enero y tambi\u00e9n para la progresi\u00f3n del ciclocross espa\u00f1ol\u201d, subraya el responsable del evento.<\/p>  <p>Hace ahora dos semanas la Copa del Mundo de ciclocross de Benidorm volvi\u00f3 a colgar el cartel de \u2018completo\u2019 tras reunir a 16.000 aficionados en un circuito muy renovado que dej\u00f3 carreras absolutamente brillantes que, adem\u00e1s, finalizaron con el hist\u00f3rico podio de Felipe Orts para mayor regocijo de todos los presentes.<\/p>  <p>Seg\u00fan los datos facilitados por la organizaci\u00f3n, m\u00e1s del 45% de esos 16.000 aficionados que se dieron cita en El Moralet y Foietes son visitantes extranjeros, algo que confirma esa m\u00e1xima expresada por Pascual Momparler de convertir el evento en un motor tur\u00edstico para toda la regi\u00f3n.<\/p>  <p>Tambi\u00e9n celebraba la vuelta de la competici\u00f3n a la ciudad su alcalde, Toni P\u00e9rez, afirmando que \u201cpara Benidorm es una grand\u00edsima noticia el saber que el pr\u00f3ximo 17 de enero de 2027 tendremos una nueva cita con el mejor ciclocross, que ha encontrado en nuestra ciudad una gran aliada; una alianza que esperamos que se mantenga en el tiempo, reedit\u00e1ndose a\u00f1o a a\u00f1o y culminando en 2031 con esos Campeonatos del Mundo que aspiramos albergar y para los que esperamos conseguir la confianza de UCI\u201d. <\/p>  <p>Desde su estreno en 2023, la Copa del Mundo de ciclocross de Benidorm se ha convertido en uno de los principales eventos deportivos del invierno en Espa\u00f1a en general y la Comunitat Valenciana en particular. Su calidad deportiva, notable por su participaci\u00f3n y por la espectacularidad de las carreras, qued\u00f3 de nuevo de manifiesto este fin de semana en los Campeonatos del Mundo de Ciclocross 2026 celebrados en Hulst (Pa\u00edses Bajos). Los vencedores de sus pruebas Elite fueron los mismos que alzaron los brazos en la cita alicantina: Lucinda Brand, en la femenina, y Mathieu Van der Poel, en la masculina. De hecho, los corredores que consiguieron los maillots arco\u00edris de las otras cuatro categor\u00edas (juvenil y sub23, en versi\u00f3n masculina y femenina) tambi\u00e9n participaron, con distinta suerte, en las carreras de Benidorm.<\/p> ","protected":false},"excerpt":{"rendered":"<p>El d\u00eda 17 de enero los parques de El Moralet y Foietes acoger\u00e1n la quinta edici\u00f3n de su Copa del Mundo<\/p>\n","protected":false},"author":0,"featured_media":22102,"comment_status":"","ping_status":"open","sticky":false,"template":"","format":"standard","meta":{"_acf_changed":false,"footnotes":""},"categories":[16],"tags":[],"class_list":["post-22101","post","type-post","status-publish","format-standard","has-post-thumbnail","hentry","category-deportes"],"acf":{"ser_id":"CMXY6Y2325GJFMH65YSTTBGN6A","ser_url":"https:\/\/cadenaser.com\/comunitat-valenciana\/2026\/02\/03\/la-copa-del-mundo-de-ciclocross-volvera-a-benidorm-en-2027-radio-benidorm\/"},"_links":{"self":[{"href":"https:\/\/serbenidorm.daliisolutions.com\/index.php\/wp-json\/wp\/v2\/posts\/22101","targetHints":{"allow":["GET"]}}],"collection":[{"href":"https:\/\/serbenidorm.daliisolutions.com\/index.php\/wp-json\/wp\/v2\/posts"}],"about":[{"href":"https:\/\/serbenidorm.daliisolutions.com\/index.php\/wp-json\/wp\/v2\/types\/post"}],"replies":[{"embeddable":true,"href":"https:\/\/serbenidorm.daliisolutions.com\/index.php\/wp-json\/wp\/v2\/comments?post=22101"}],"version-history":[{"count":0,"href":"https:\/\/serbenidorm.daliisolutions.com\/index.php\/wp-json\/wp\/v2\/posts\/22101\/revisions"}],"wp:featuredmedia":[{"embeddable":true,"href":"https:\/\/serbenidorm.daliisolutions.com\/index.php\/wp-json\/wp\/v2\/media\/22102"}],"wp:attachment":[{"href":"https:\/\/serbenidorm.daliisolutions.com\/index.php\/wp-json\/wp\/v2\/media?parent=22101"}],"wp:term":[{"taxonomy":"category","embeddable":true,"href":"https:\/\/serbenidorm.daliisolutions.com\/index.php\/wp-json\/wp\/v2\/categories?post=22101"},{"taxonomy":"post_tag","embeddable":true,"href":"https:\/\/serbenidorm.daliisolutions.com\/index.php\/wp-json\/wp\/v2\/tags?post=22101"}],"curies":[{"name":"wp","href":"https:\/\/api.w.org\/{rel}","templated":true}]}}