{"id":22103,"date":"2026-02-03T13:46:47","date_gmt":"2026-02-03T12:46:47","guid":{"rendered":"https:\/\/serbenidorm.daliisolutions.com\/index.php\/2026\/02\/03\/el-nuevo-centro-de-salud-de-benidorm-sigue-cerrado-pese-a-los-anuncios-de-la-generalitat\/"},"modified":"2026-02-03T13:46:47","modified_gmt":"2026-02-03T12:46:47","slug":"el-nuevo-centro-de-salud-de-benidorm-sigue-cerrado-pese-a-los-anuncios-de-la-generalitat","status":"publish","type":"post","link":"https:\/\/serbenidorm.daliisolutions.com\/index.php\/2026\/02\/03\/el-nuevo-centro-de-salud-de-benidorm-sigue-cerrado-pese-a-los-anuncios-de-la-generalitat\/","title":{"rendered":"El nuevo centro de salud de Benidorm sigue cerrado pese a los anuncios de la Generalitat"},"content":{"rendered":" <p>La oposici\u00f3n en Benidorm, el PSOE, ha denunciado este martes lo que califican como el \u00aben\u00e9simo incumplimiento\u00bb del PP con una de las infraestructuras sanitarias m\u00e1s necesarias y demandadas de la ciudad: el nuevo Centro de Salud del Rinc\u00f3n de Loix. <\/p>  <p>Una infraestructura que ha acumulado retrasos durante las obras y que sigue cerrada en este comienzo de febrero a pesar del anuncio que el pasado mes de junio hizo durante una visita al recinto el conseller de Sanidad: \u00ab<a href=\"https:\/\/cadenaser.com\/comunitat-valenciana\/2025\/06\/16\/el-nuevo-centro-de-salud-del-rincon-de-loix-empezara-a-funcionar-a-finales-de-ano-radio-benidorm\/\" target=\"_blank\" rel=\"nofollow\" title=\"https:\/\/cadenaser.com\/comunitat-valenciana\/2025\/06\/16\/el-nuevo-centro-de-salud-del-rincon-de-loix-empezara-a-funcionar-a-finales-de-ano-radio-benidorm\/\">A principios de a\u00f1o, a final de a\u00f1o, principios del que viene va a entrar en funcionamiento<\/a>\u00ab, aseguro entonces Marciano G\u00f3mez.<\/p>  <p>En la misma l\u00ednea el alcalde, Toni P\u00e9rez, manifest\u00f3: \u00ab<a href=\"https:\/\/cadenaser.com\/comunitat-valenciana\/2025\/06\/16\/el-nuevo-centro-de-salud-del-rincon-de-loix-empezara-a-funcionar-a-finales-de-ano-radio-benidorm\/\" target=\"_blank\" rel=\"nofollow\" title=\"https:\/\/cadenaser.com\/comunitat-valenciana\/2025\/06\/16\/el-nuevo-centro-de-salud-del-rincon-de-loix-empezara-a-funcionar-a-finales-de-ano-radio-benidorm\/\">Las obras est\u00e1n a punto de finalizar para que lo antes posible el personal se pueda desplazar aqu\u00ed y empezar a funcionar en ordinario a finales de a\u00f1o<\/a>\u00ab.<\/p>  <p>La concejala socialista Laura Rubio ha calificado de \u00abvergonzoso\u00bb que las obras \u00absigan acumulando demoras injustificables\u00bb. En este sentido, la edil ha afirmado que \u201cestamos ante una muestra m\u00e1s de la desidia y la nefasta gesti\u00f3n del Partido Popular en la Generalitat y la complicidad silenciosa del alcalde Toni P\u00e9rez\u00bb.<\/p>  <p>Desde las filas socialistas han mostrado adem\u00e1s su preocupaci\u00f3n por si el edificio contar\u00e1 no solo con nuevo equipamiento sino tambi\u00e9n con una plantilla necesaria para atender las necesidades de un barrio como el Rinc\u00f3n: \u00abTenemos reciente la denuncia de la falta de pediatra en el actual consultorio m\u00e9dico, esperamos y deseamos que el nuevo centro no inicie su andadura con estas carencias y colapsado por la falta de personal\u00bb, ha apuntado la concejala. <\/p> ","protected":false},"excerpt":{"rendered":"<p>El conseller de Sanidad y el alcalde se comprometieron a poner en marcha las instalaciones del Rinc\u00f3n de Loix a finales del 2025 o inicios del 2026<\/p>\n","protected":false},"author":0,"featured_media":22104,"comment_status":"","ping_status":"open","sticky":false,"template":"","format":"standard","meta":{"_acf_changed":false,"footnotes":""},"categories":[1],"tags":[],"class_list":["post-22103","post","type-post","status-publish","format-standard","has-post-thumbnail","hentry","category-sin-categoria"],"acf":{"ser_id":"RHCWBG2CIBEXXOLTBAXIAJ5M7Y","ser_url":"https:\/\/cadenaser.com\/comunitat-valenciana\/2026\/02\/03\/el-nuevo-centro-de-salud-de-benidorm-sigue-cerrado-pese-a-los-anuncios-de-la-generalitat-radio-benidorm\/"},"_links":{"self":[{"href":"https:\/\/serbenidorm.daliisolutions.com\/index.php\/wp-json\/wp\/v2\/posts\/22103","targetHints":{"allow":["GET"]}}],"collection":[{"href":"https:\/\/serbenidorm.daliisolutions.com\/index.php\/wp-json\/wp\/v2\/posts"}],"about":[{"href":"https:\/\/serbenidorm.daliisolutions.com\/index.php\/wp-json\/wp\/v2\/types\/post"}],"replies":[{"embeddable":true,"href":"https:\/\/serbenidorm.daliisolutions.com\/index.php\/wp-json\/wp\/v2\/comments?post=22103"}],"version-history":[{"count":0,"href":"https:\/\/serbenidorm.daliisolutions.com\/index.php\/wp-json\/wp\/v2\/posts\/22103\/revisions"}],"wp:featuredmedia":[{"embeddable":true,"href":"https:\/\/serbenidorm.daliisolutions.com\/index.php\/wp-json\/wp\/v2\/media\/22104"}],"wp:attachment":[{"href":"https:\/\/serbenidorm.daliisolutions.com\/index.php\/wp-json\/wp\/v2\/media?parent=22103"}],"wp:term":[{"taxonomy":"category","embeddable":true,"href":"https:\/\/serbenidorm.daliisolutions.com\/index.php\/wp-json\/wp\/v2\/categories?post=22103"},{"taxonomy":"post_tag","embeddable":true,"href":"https:\/\/serbenidorm.daliisolutions.com\/index.php\/wp-json\/wp\/v2\/tags?post=22103"}],"curies":[{"name":"wp","href":"https:\/\/api.w.org\/{rel}","templated":true}]}}