{"id":2212,"date":"2024-02-09T10:30:10","date_gmt":"2024-02-09T09:30:10","guid":{"rendered":"https:\/\/serbenidorm.daliisolutions.com\/index.php\/2024\/02\/09\/pasa-a-disposicion-judicial-el-presunto-asesino-de-una-mujer-en-lalfas-del-pi\/"},"modified":"2024-02-09T10:30:10","modified_gmt":"2024-02-09T09:30:10","slug":"pasa-a-disposicion-judicial-el-presunto-asesino-de-una-mujer-en-lalfas-del-pi","status":"publish","type":"post","link":"https:\/\/serbenidorm.daliisolutions.com\/index.php\/2024\/02\/09\/pasa-a-disposicion-judicial-el-presunto-asesino-de-una-mujer-en-lalfas-del-pi\/","title":{"rendered":"Pasa a disposici\u00f3n judicial el presunto asesino de una mujer en l\u2019Alf\u00e0s del Pi"},"content":{"rendered":"  <p>Benidorm<\/p>   <p>El presunto asesino de Roc\u00edo, la mujer de 44 a\u00f1os que el pasado martes fue hallada sin vida en el interior de su domicilio en l\u2019Alf\u00e0s del Pi, ha pasado esta ma\u00f1ana a disposici\u00f3n judicial y ha sido trasladado desde el cuartel de la Guardia Civil de Callosa de Segura (Alicante) hasta el Palacio de Justicia de la capital tur\u00edstica para prestar declaraci\u00f3n en el Juzgado de Violencia Contra la Mujer n\u00famero 1 de la ciudad.<\/p>   <p>El detenido, que tiene antecedentes por violencia machista con respecto a una pareja anterior, ha salido esposado y escoltado del calabozo en el que ha permanecido desde que fuera arrestado en la medianoche del martes al mi\u00e9rcoles en el interior de un prost\u00edbulo de la localidad de Cox, tambi\u00e9n en la provincia de Alicante.<\/p>   <p>La investigaci\u00f3n le atribuye el asesinato de Roc\u00edo por m\u00e1s de una decena de pu\u00f1aladas, principalmente en el cuello y t\u00f3rax. Aunque la v\u00edctima tambi\u00e9n presentaba contusiones en la cara y otras partes del cuerpo, la muerte se produjo por la secci\u00f3n de algunas venas y arterias, seg\u00fan los resultados de la autopsia, que tambi\u00e9n confirm\u00f3 que el crimen machista ocurri\u00f3 en la madrugada del domingo al lunes, y que la asesinada trat\u00f3 de defenderse.<\/p>   <p>La v\u00edspera del asesinato, la v\u00edctima acudi\u00f3 al cuartel de la Guardia Civil de Altea acompa\u00f1ada de vecinos y la Polic\u00eda Local de l&#8217;Alf\u00e0s del Pi para presentar una denuncia por dos agresiones machistas por parte del detenido.<\/p>   <p>Una vez all\u00ed formaliz\u00f3 una diligencia de denuncia y, una vez firmado ese documento y ya realizada la valoraci\u00f3n de riesgo, que arroj\u00f3 un nivel alto, Roc\u00edo cambi\u00f3 de parecer y manifest\u00f3 expresamente que no deseaba continuar con el proceso y que renunciaba a una orden de protecci\u00f3n.<\/p>   <p>Como se trata de un delito perseguible de oficio, se mantuvo un contacto permanente con ella hasta que se interrumpi\u00f3 la comunicaci\u00f3n, tras lo cual comenzaron las indagaciones de localizaci\u00f3n hasta que el martes, en torno a las 14 horas, los agentes del instituto armado entraron en su domicilio de l&#8217;Alf\u00e0s y hallaron su cuerpo sin vida .<\/p> ","protected":false},"excerpt":{"rendered":"<p>El principal sospechoso del crimen ha sido trasladado esta ma\u00f1ana al Palacio de Justicia de Benidorm<\/p>\n","protected":false},"author":0,"featured_media":2213,"comment_status":"open","ping_status":"open","sticky":false,"template":"","format":"standard","meta":{"_acf_changed":false,"footnotes":""},"categories":[1],"tags":[],"class_list":["post-2212","post","type-post","status-publish","format-standard","has-post-thumbnail","hentry","category-sin-categoria"],"acf":{"ser_id":"E72UGJA2RVH4HOEK7ZG77W7BAA","ser_url":"https:\/\/cadenaser.com\/comunitat-valenciana\/2024\/02\/09\/pasa-a-disposicion-judicial-el-presunto-asesino-de-una-mujer-en-lalfas-del-pi-radio-benidorm\/"},"_links":{"self":[{"href":"https:\/\/serbenidorm.daliisolutions.com\/index.php\/wp-json\/wp\/v2\/posts\/2212","targetHints":{"allow":["GET"]}}],"collection":[{"href":"https:\/\/serbenidorm.daliisolutions.com\/index.php\/wp-json\/wp\/v2\/posts"}],"about":[{"href":"https:\/\/serbenidorm.daliisolutions.com\/index.php\/wp-json\/wp\/v2\/types\/post"}],"replies":[{"embeddable":true,"href":"https:\/\/serbenidorm.daliisolutions.com\/index.php\/wp-json\/wp\/v2\/comments?post=2212"}],"version-history":[{"count":0,"href":"https:\/\/serbenidorm.daliisolutions.com\/index.php\/wp-json\/wp\/v2\/posts\/2212\/revisions"}],"wp:featuredmedia":[{"embeddable":true,"href":"https:\/\/serbenidorm.daliisolutions.com\/index.php\/wp-json\/wp\/v2\/media\/2213"}],"wp:attachment":[{"href":"https:\/\/serbenidorm.daliisolutions.com\/index.php\/wp-json\/wp\/v2\/media?parent=2212"}],"wp:term":[{"taxonomy":"category","embeddable":true,"href":"https:\/\/serbenidorm.daliisolutions.com\/index.php\/wp-json\/wp\/v2\/categories?post=2212"},{"taxonomy":"post_tag","embeddable":true,"href":"https:\/\/serbenidorm.daliisolutions.com\/index.php\/wp-json\/wp\/v2\/tags?post=2212"}],"curies":[{"name":"wp","href":"https:\/\/api.w.org\/{rel}","templated":true}]}}