{"id":22131,"date":"2026-02-04T13:24:18","date_gmt":"2026-02-04T12:24:18","guid":{"rendered":"https:\/\/serbenidorm.daliisolutions.com\/index.php\/2026\/02\/04\/polop-prohibe-las-viviendas-turisticas-en-el-casco-historico-y-las-limita-en-el-resto-del-municipio\/"},"modified":"2026-02-04T13:24:18","modified_gmt":"2026-02-04T12:24:18","slug":"polop-prohibe-las-viviendas-turisticas-en-el-casco-historico-y-las-limita-en-el-resto-del-municipio","status":"publish","type":"post","link":"https:\/\/serbenidorm.daliisolutions.com\/index.php\/2026\/02\/04\/polop-prohibe-las-viviendas-turisticas-en-el-casco-historico-y-las-limita-en-el-resto-del-municipio\/","title":{"rendered":"Polop proh\u00edbe las viviendas tur\u00edsticas en el casco hist\u00f3rico y las limita en el resto del municipio"},"content":{"rendered":" <p>Limitaci\u00f3n de las viviendas tur\u00edsticas, ahora tambi\u00e9n en Polop, donde el pleno del Ayuntamiento ha aprobado con el apoyo del PP junto a la concejala no adscrita, \u00c1ngela Fuster, y la abstenci\u00f3n del PSOE <a href=\"https:\/\/cadenaser.com\/tag\/benidorm\/a\/\" target=\"_blank\" rel=\"nofollow\" title=\"https:\/\/cadenaser.com\/tag\/benidorm\/a\/\">prohibir cualquier apartamento tur\u00edstico en el casco antiguo, en el entorno del Bien de Inter\u00e9s Cultural (BIC) y en el centro hist\u00f3rico, con el objetivo de preservar su valor patrimonial y su uso residencial<\/a>. <\/p>  <p>En las zonas del ensanche urbano, donde predominan las edificaciones entre medianeras, la ordenanza establece un r\u00e9gimen muy restrictivo y excepcional, priorizando siempre la convivencia vecinal.<\/p>  <p>La vivienda tur\u00edstica s\u00ed podr\u00e1 autorizarse en las urbanizaciones exteriores, aunque de manera limitada y controlada, con un m\u00e1ximo del 15% del total de viviendas en cada \u00e1mbito.<\/p>  <p>Adem\u00e1s, ser\u00e1 imprescindible contar con el visto bueno de la comunidad de propietarios, una medida pensada para garantizar el consenso vecinal y evitar conflictos en el entorno residencial. \u201cQueremos que Polop siga siendo un pueblo agradable para vivir, donde las familias puedan estar tranquilas, y al mismo tiempo apostar por un turismo ordenado y sostenible\u201d, ha remarcado el alcalde Jos\u00e9 Luis Susmozas.<\/p>  <p>La concejal\u00eda de Urbanismo, dirigida por Rosana Berenguer, ha trabajado en esta ordenanza durante m\u00e1s de un a\u00f1o, apoy\u00e1ndose en un estudio t\u00e9cnico elaborado por la Universidad de Alicante. Seg\u00fan ha explicado Berenguer, \u201cse trata de un trabajo riguroso que nos ha permitido definir qu\u00e9 zonas deben protegerse especialmente y c\u00f3mo regular la vivienda tur\u00edstica de forma equilibrada y coherente con el modelo de pueblo que queremos\u201d.<\/p>  <p><\/p> ","protected":false},"excerpt":{"rendered":"<p>S\u00ed podr\u00e1 autorizarse en las urbanizaciones exteriores con un m\u00e1ximo del 15% del total de viviendas en cada \u00e1mbito<\/p>\n","protected":false},"author":0,"featured_media":22132,"comment_status":"","ping_status":"open","sticky":false,"template":"","format":"standard","meta":{"_acf_changed":false,"footnotes":""},"categories":[1],"tags":[],"class_list":["post-22131","post","type-post","status-publish","format-standard","has-post-thumbnail","hentry","category-sin-categoria"],"acf":{"ser_id":"2ICANACEVZGU7ADFHHUOUAGDUU","ser_url":"https:\/\/cadenaser.com\/comunitat-valenciana\/2026\/02\/04\/polop-prohibe-las-viviendas-turisticas-en-el-casco-historico-y-las-limita-en-el-resto-del-municipio-radio-benidorm\/"},"_links":{"self":[{"href":"https:\/\/serbenidorm.daliisolutions.com\/index.php\/wp-json\/wp\/v2\/posts\/22131","targetHints":{"allow":["GET"]}}],"collection":[{"href":"https:\/\/serbenidorm.daliisolutions.com\/index.php\/wp-json\/wp\/v2\/posts"}],"about":[{"href":"https:\/\/serbenidorm.daliisolutions.com\/index.php\/wp-json\/wp\/v2\/types\/post"}],"replies":[{"embeddable":true,"href":"https:\/\/serbenidorm.daliisolutions.com\/index.php\/wp-json\/wp\/v2\/comments?post=22131"}],"version-history":[{"count":0,"href":"https:\/\/serbenidorm.daliisolutions.com\/index.php\/wp-json\/wp\/v2\/posts\/22131\/revisions"}],"wp:featuredmedia":[{"embeddable":true,"href":"https:\/\/serbenidorm.daliisolutions.com\/index.php\/wp-json\/wp\/v2\/media\/22132"}],"wp:attachment":[{"href":"https:\/\/serbenidorm.daliisolutions.com\/index.php\/wp-json\/wp\/v2\/media?parent=22131"}],"wp:term":[{"taxonomy":"category","embeddable":true,"href":"https:\/\/serbenidorm.daliisolutions.com\/index.php\/wp-json\/wp\/v2\/categories?post=22131"},{"taxonomy":"post_tag","embeddable":true,"href":"https:\/\/serbenidorm.daliisolutions.com\/index.php\/wp-json\/wp\/v2\/tags?post=22131"}],"curies":[{"name":"wp","href":"https:\/\/api.w.org\/{rel}","templated":true}]}}