{"id":22133,"date":"2026-02-04T13:24:19","date_gmt":"2026-02-04T12:24:19","guid":{"rendered":"https:\/\/serbenidorm.daliisolutions.com\/index.php\/2026\/02\/04\/los-hoteles-se-enfrian-en-enero-sin-benidorm-fest\/"},"modified":"2026-02-04T13:24:19","modified_gmt":"2026-02-04T12:24:19","slug":"los-hoteles-se-enfrian-en-enero-sin-benidorm-fest","status":"publish","type":"post","link":"https:\/\/serbenidorm.daliisolutions.com\/index.php\/2026\/02\/04\/los-hoteles-se-enfrian-en-enero-sin-benidorm-fest\/","title":{"rendered":"Los hoteles se enfr\u00edan en enero sin Benidorm Fest"},"content":{"rendered":" <p>El a\u00f1o 2026 ha comenzado con una ligera correcci\u00f3n a la baja en los datos de ocupaci\u00f3n hotelera en el conjunto de la Comunitat Valenciana, seg\u00fan el balance correspondiente al mes de enero anunciado por Hosbec. La ocupaci\u00f3n media se ha situado 3,3 puntos por debajo de enero de 2025, con un comportamiento desigual por destinos y con s\u00f3lo la ciudad de Valencia registrando un dato superior al del a\u00f1o anterior.<\/p>  <p>Pocos enclaves tur\u00edsticos han superado la barrera del 60% de ocupaci\u00f3n media durante el primer mes del a\u00f1o. Entre ellos se encuentra Benidorm, que ha cerrado enero con un 64,6%, lo que supone un descenso de cuatro puntos porcentuales respecto a 2025. <a href=\"https:\/\/cadenaser.com\/tag\/benidorm\/a\/\" target=\"_blank\" rel=\"nofollow\" title=\"https:\/\/cadenaser.com\/tag\/benidorm\/a\/\">Desde el sector hotelero se apunta a una causa muy concreta: el desplazamiento en el calendario del Benidorm Fest, que el pasado a\u00f1o se celebr\u00f3 a finales de enero y en 2026 tendr\u00e1 lugar del 7 al 14 de febrero<\/a>, restando as\u00ed efecto tractor al primer mes del ejercicio.<\/p>  <p>A pesar de este descenso, Benidorm mantiene un volumen de actividad notable para plena temporada baja. La segunda quincena de enero, con una ocupaci\u00f3n media del 65,5%, deja 4,4 puntos menos que el a\u00f1o anterior, pero confirma un mes estable en t\u00e9rminos de demanda, aunque con mayor contenci\u00f3n que en un invierno 2025 especialmente din\u00e1mico.<\/p>  <p>El mercado tur\u00edstico vuelve a dibujar la imagen cl\u00e1sica del Benidorm invernal, con un reparto casi equilibrado entre turismo nacional y brit\u00e1nico, ambos en torno al 40% del total mensual. Destaca adem\u00e1s el crecimiento de mercados como Pa\u00edses Bajos y B\u00e9lgica, impulsado en parte por la celebraci\u00f3n de la Copa del Mundo de Ciclocross, que ha generado un impacto positivo en la llegada de visitantes centroeuropeos.<\/p>  <p>Por categor\u00edas hoteleras, el ajuste ha sido homog\u00e9neo. Los hoteles de 4 estrellas han cerrado enero con un 63,4% de ocupaci\u00f3n, mientras que los 3 estrellas han alcanzado el 68,1%, ambos por debajo de 2025, pero manteniendo niveles s\u00f3lidos para un mes tradicionalmente de transici\u00f3n.<\/p>  <p>En el conjunto de la Costa Blanca, la ocupaci\u00f3n media de enero se ha situado en el 63,7%, con un retroceso muy leve de apenas cuatro d\u00e9cimas respecto al a\u00f1o pasado. El destino mantiene as\u00ed el pulso gracias a un 56% de mercado internacional, confirmando la fortaleza del litoral alicantino en temporada baja. Especialmente destacable es el comportamiento de Alicante Sur, que en la segunda quincena del mes ha alcanzado un 70,6% de ocupaci\u00f3n, actuando como uno de los motores del destino.<\/p>  <p>Desde Hosbec se apuntan varias causas que explican este comportamiento a la baja, especialmente en el mercado nacional y de proximidad. Entre ellas destacan la mala meteorolog\u00eda del mes de enero, con sucesivas borrascas y alertas que han complicado la movilidad y reducido el atractivo para viajar; los efectos del accidente ferroviario de Adamuz, que afectaron a la conectividad por tren y al \u00e1nimo del turista vacacional; y, en el caso concreto de Benidorm y la provincia de Alicante, el citado desplazamiento del Benidorm Fest.<\/p>  <p>Las previsiones para la primera quincena de febrero apuntan a que esta correcci\u00f3n podr\u00eda mantenerse, aunque el sector conf\u00eda en un repunte puntual durante el fin de semana de San Valent\u00edn, que tradicionalmente registra una elevada ocupaci\u00f3n en toda la Comunitat Valenciana.<\/p>  <p>En el caso de Benidorm, las reservas ya confirmadas para la primera mitad de febrero alcanzan el 66,4%, mientras que en la Costa Blanca se sit\u00faan en el 67,1%, cifras que anticipan continuidad en la actividad y refuerzan la expectativa de un mes de febrero m\u00e1s din\u00e1mico que enero.<\/p> ","protected":false},"excerpt":{"rendered":"<p>El cambio de fechas del certamen hace caer la ocupaci\u00f3n media mensual en la ciudad un 4%<\/p>\n","protected":false},"author":0,"featured_media":22134,"comment_status":"","ping_status":"open","sticky":false,"template":"","format":"standard","meta":{"_acf_changed":false,"footnotes":""},"categories":[1],"tags":[],"class_list":["post-22133","post","type-post","status-publish","format-standard","has-post-thumbnail","hentry","category-sin-categoria"],"acf":{"ser_id":"O2Q27WPXKJHNFPRRPMHL6QJVAM","ser_url":"https:\/\/cadenaser.com\/comunitat-valenciana\/2026\/02\/04\/los-hoteles-se-enfrian-en-enero-sin-benidorm-fest-radio-benidorm\/"},"_links":{"self":[{"href":"https:\/\/serbenidorm.daliisolutions.com\/index.php\/wp-json\/wp\/v2\/posts\/22133","targetHints":{"allow":["GET"]}}],"collection":[{"href":"https:\/\/serbenidorm.daliisolutions.com\/index.php\/wp-json\/wp\/v2\/posts"}],"about":[{"href":"https:\/\/serbenidorm.daliisolutions.com\/index.php\/wp-json\/wp\/v2\/types\/post"}],"replies":[{"embeddable":true,"href":"https:\/\/serbenidorm.daliisolutions.com\/index.php\/wp-json\/wp\/v2\/comments?post=22133"}],"version-history":[{"count":0,"href":"https:\/\/serbenidorm.daliisolutions.com\/index.php\/wp-json\/wp\/v2\/posts\/22133\/revisions"}],"wp:featuredmedia":[{"embeddable":true,"href":"https:\/\/serbenidorm.daliisolutions.com\/index.php\/wp-json\/wp\/v2\/media\/22134"}],"wp:attachment":[{"href":"https:\/\/serbenidorm.daliisolutions.com\/index.php\/wp-json\/wp\/v2\/media?parent=22133"}],"wp:term":[{"taxonomy":"category","embeddable":true,"href":"https:\/\/serbenidorm.daliisolutions.com\/index.php\/wp-json\/wp\/v2\/categories?post=22133"},{"taxonomy":"post_tag","embeddable":true,"href":"https:\/\/serbenidorm.daliisolutions.com\/index.php\/wp-json\/wp\/v2\/tags?post=22133"}],"curies":[{"name":"wp","href":"https:\/\/api.w.org\/{rel}","templated":true}]}}