{"id":22135,"date":"2026-02-04T13:24:19","date_gmt":"2026-02-04T12:24:19","guid":{"rendered":"https:\/\/serbenidorm.daliisolutions.com\/index.php\/2026\/02\/04\/los-mejores-especialistas-del-btt-mundial-se-citan-en-la-nucia\/"},"modified":"2026-02-04T13:24:19","modified_gmt":"2026-02-04T12:24:19","slug":"los-mejores-especialistas-del-btt-mundial-se-citan-en-la-nucia","status":"publish","type":"post","link":"https:\/\/serbenidorm.daliisolutions.com\/index.php\/2026\/02\/04\/los-mejores-especialistas-del-btt-mundial-se-citan-en-la-nucia\/","title":{"rendered":"Los mejores especialistas del BTT mundial se citan en La Nuc\u00eda"},"content":{"rendered":" <p>El espectacular circuito de La Nuc\u00eda, dise\u00f1ado por el medallista ol\u00edmpico en R\u00edo 2016 Carlos Coloma, volver\u00e1 a situar a la Marina Baixa y a la provincia de Alicante en el centro del ciclismo internacional con la celebraci\u00f3n de una nueva edici\u00f3n del XCO Internacional La Nuc\u00eda, una prueba marcada en rojo en el calendario de los mejores \u2018bikers\u2019 del planeta.<\/p>  <p>La carrera, de categor\u00eda UCI C1, no solo ofrece el prestigio de imponerse en uno de los trazados m\u00e1s exigentes del panorama europeo, sino tambi\u00e9n un importante bot\u00edn de 60 puntos UCI para el vencedor, con los 15 primeros clasificados sumando puntos para el ranking mundial. Un aliciente clave al celebrarse en el inicio de la temporada, cuando los corredores buscan afinar su estado de forma antes del arranque de la Copa del Mundo de la especialidad.<\/p>  <p>Esta edici\u00f3n del XCO Internacional La Nuc\u00eda cuenta con un s\u00f3lido respaldo institucional, con el apoyo de la Diputaci\u00f3n Provincial de Alicante, Costa Blanca y la Comunitat de l\u2019Esport de la Generalitat Valenciana, una implicaci\u00f3n que refuerza el posicionamiento de La Nuc\u00eda y de la Comunitat Valenciana como destino estrat\u00e9gico para el deporte de alto nivel en combinaci\u00f3n con otras importantes citas, tambi\u00e9n ciclistas, como la Copa del Mundo de ciclocross, la Cl\u00e0ssica Comunitat Valenciana o la Volta a la Comunitat.<\/p>  <p>La prueba se ha consolidado como un aut\u00e9ntico test de fuego de pretemporada, atrayendo a corredores de primer\u00edsimo nivel que encuentran en el circuito nuciero el escenario ideal para medir fuerzas tras los meses de preparaci\u00f3n invernal. No es casualidad que muchos de los nombres que compiten aqu\u00ed terminen siendo protagonistas en los grandes podios internacionales a lo largo del a\u00f1o.<\/p>  <p>La lista de inscritos, cerrada a 22 de enero, confirma un nivel propio de una prueba de Copa del Mundo. El potente equipo Trek-Unbroken llega a La Nuc\u00eda con toda su artiller\u00eda, liderada por el joven talento estadounidense Riley Amos y el rumano Vlad Dasc\u0103lu, uno de los corredores m\u00e1s s\u00f3lidos y regulares del circuito internacional.<\/p>  <p>La representaci\u00f3n espa\u00f1ola tendr\u00e1 como principal referente al \u00eddolo local Jofre Cullell (BH Coloma Team), que correr\u00e1 en casa y buscar\u00e1 brillar ante su p\u00fablico en un trazado dise\u00f1ado por su propio mentor. Junto a \u00e9l, el cartel masculino se completa con nombres de enorme prestigio como el franc\u00e9s Titouan Carod (BMC MTB Racing), el dan\u00e9s Sebastian Fini (Mondraker Factory Racing) y el let\u00f3n Martin Blums.<\/p>  <p>Especial atenci\u00f3n merece tambi\u00e9n la presencia del brasile\u00f1o Ulan Galinski, que llega a La Nuc\u00eda tras su experiencia ol\u00edmpica en Par\u00eds 2024, aportando un plus de internacionalidad y espect\u00e1culo a la prueba.<\/p>  <p>El cuadro femenino no se queda atr\u00e1s y presenta una parrilla de salida de alt\u00edsimo nivel, con varias campeonas del mundo y corredoras habituales de los podios internacionales. La brit\u00e1nica Evie Richards, excampeona mundial de XCO, parte como una de las grandes favoritas al triunfo.<\/p>  <p>No lo tendr\u00e1 f\u00e1cil, ya que deber\u00e1 medirse con la francesa Loana Lecomte (Canyon CLLCTV), una de las ciclistas m\u00e1s laureadas de los \u00faltimos a\u00f1os y referencia absoluta del MTB femenino. La juventud y el futuro de la disciplina estar\u00e1n representados por la canadiense Isabella Holmgren, actual sensaci\u00f3n tras su dominio en categor\u00edas junior, y por la estadounidense Gwendalyn Gibson.<\/p>  <p>El pelot\u00f3n femenino lo completan corredoras de primer nivel como la alemana Nina Graf, la italiana Chiara Teocchi y la campeona portuguesa Ana Santos, garantizando una carrera abierta, intensa y de enorme calidad deportiva.<\/p>  <p>En su quinta edici\u00f3n en La Nuc\u00eda, el XCO Internacional promete ser una aut\u00e9ntica fiesta del deporte. El trazado, t\u00e9cnico y exigente, pondr\u00e1 a prueba tanto la habilidad como la resistencia f\u00edsica de los participantes, ofreciendo a los aficionados la oportunidad de ver muy de cerca a las estrellas del MTB mundial.<\/p> ","protected":false},"excerpt":{"rendered":"<p>El circuito ol\u00edmpico de Carlos Coloma acoge el XCO Internacional con estrellas de la Copa del Mundo<\/p>\n","protected":false},"author":0,"featured_media":22136,"comment_status":"","ping_status":"open","sticky":false,"template":"","format":"standard","meta":{"_acf_changed":false,"footnotes":""},"categories":[16],"tags":[],"class_list":["post-22135","post","type-post","status-publish","format-standard","has-post-thumbnail","hentry","category-deportes"],"acf":{"ser_id":"ZNRHOLAD4ZHOTNHFXYJGTD2WVY","ser_url":"https:\/\/cadenaser.com\/comunitat-valenciana\/2026\/02\/04\/los-mejores-especialistas-del-btt-mundial-se-citan-en-la-nucia-radio-benidorm\/"},"_links":{"self":[{"href":"https:\/\/serbenidorm.daliisolutions.com\/index.php\/wp-json\/wp\/v2\/posts\/22135","targetHints":{"allow":["GET"]}}],"collection":[{"href":"https:\/\/serbenidorm.daliisolutions.com\/index.php\/wp-json\/wp\/v2\/posts"}],"about":[{"href":"https:\/\/serbenidorm.daliisolutions.com\/index.php\/wp-json\/wp\/v2\/types\/post"}],"replies":[{"embeddable":true,"href":"https:\/\/serbenidorm.daliisolutions.com\/index.php\/wp-json\/wp\/v2\/comments?post=22135"}],"version-history":[{"count":0,"href":"https:\/\/serbenidorm.daliisolutions.com\/index.php\/wp-json\/wp\/v2\/posts\/22135\/revisions"}],"wp:featuredmedia":[{"embeddable":true,"href":"https:\/\/serbenidorm.daliisolutions.com\/index.php\/wp-json\/wp\/v2\/media\/22136"}],"wp:attachment":[{"href":"https:\/\/serbenidorm.daliisolutions.com\/index.php\/wp-json\/wp\/v2\/media?parent=22135"}],"wp:term":[{"taxonomy":"category","embeddable":true,"href":"https:\/\/serbenidorm.daliisolutions.com\/index.php\/wp-json\/wp\/v2\/categories?post=22135"},{"taxonomy":"post_tag","embeddable":true,"href":"https:\/\/serbenidorm.daliisolutions.com\/index.php\/wp-json\/wp\/v2\/tags?post=22135"}],"curies":[{"name":"wp","href":"https:\/\/api.w.org\/{rel}","templated":true}]}}