{"id":22149,"date":"2026-02-04T18:10:12","date_gmt":"2026-02-04T17:10:12","guid":{"rendered":"https:\/\/serbenidorm.daliisolutions.com\/index.php\/2026\/02\/04\/la-nba-crea-en-la-nucia-su-primera-academia-de-desarrollo-en-espana\/"},"modified":"2026-02-04T18:10:12","modified_gmt":"2026-02-04T17:10:12","slug":"la-nba-crea-en-la-nucia-su-primera-academia-de-desarrollo-en-espana","status":"publish","type":"post","link":"https:\/\/serbenidorm.daliisolutions.com\/index.php\/2026\/02\/04\/la-nba-crea-en-la-nucia-su-primera-academia-de-desarrollo-en-espana\/","title":{"rendered":"La NBA crea en La Nuc\u00eda su primera academia de desarrollo en Espa\u00f1a"},"content":{"rendered":" <p>La Nuc\u00eda dar\u00e1 un salto hist\u00f3rico en su proyecci\u00f3n deportiva internacional con la llegada de la primera \u2018NBA School of Basketball\u2019 de Espa\u00f1a, una escuela oficial de desarrollo de baloncesto base impulsada por la NBA, la mejor y m\u00e1s potente liga del mundo, y que formar\u00e1 parte de su red global presente en cuatro continentes. El proyecto ha sido presentado esta ma\u00f1ana en Madrid, en la sede de la NBA Espa\u00f1a, y supone un nuevo hito para la marca \u2018La Nuc\u00eda, Ciudad del Deporte\u2019.<\/p>  <p>La futura \u2018NBA School of Basketball\u2019 tendr\u00e1 su sede oficial en el Colegio Vallemar de La Nuc\u00eda, donde se construir\u00e1 un nuevo pabell\u00f3n deportivo totalmente dedicado al baloncesto y tematizado con la imagen de la NBA. La escuela estar\u00e1 dirigida a jugadores y jugadoras de entre 6 y 18 a\u00f1os, tanto en r\u00e9gimen interno como externo, y combinar\u00e1 formaci\u00f3n deportiva de alto nivel con educaci\u00f3n acad\u00e9mica biling\u00fce.<\/p>  <p>El acto de presentaci\u00f3n ha contado con destacados representantes del baloncesto y de la propia NBA, entre ellos los embajadores V\u00edctor Claver, exjugador de Portland Trail Blazers, Valencia Basket y la Selecci\u00f3n Espa\u00f1ola y Salah Mejri, exjugador de Dallas Mavericks y Real Madrid. Tambi\u00e9n han participado Erik Brucker, manager de Operaciones de la NBA en Europa; H\u00e9ctor Arg\u00fcelles, jefe de Operaciones de la liga americana en Europa y Oriente Medio; Jos\u00e9 Ortiz, director de la revista \u2018Gigantes del Basket\u2019; y el alcalde de La Nuc\u00eda, Bernab\u00e9 Cano.<\/p>  <p>Junto a ellos han estado Bego\u00f1a M\u00e9ndez, CEO del Colegio Vallemar; Luis Miguel Rodr\u00edguez, CEO de Vallemar La Nuc\u00eda; y el concejal de Deportes, Sergio Villalba, en una puesta de largo que confirma el respaldo institucional y educativo del proyecto.<\/p>  <p>Durante su intervenci\u00f3n, Bernab\u00e9 Cano ha subrayado la importancia estrat\u00e9gica de esta iniciativa: \u201cLa llegada de la NBA School es un paso de gigante en nuestra consolidaci\u00f3n a nivel internacional y posiciona nuestra marca \u2018La Nuc\u00eda, Ciudad del Deporte\u2019 a nivel mundial\u201d. El alcalde ha destacado que este proyecto atraer\u00e1 a j\u00f3venes promesas del baloncesto de todo el mundo, que vendr\u00e1n a estudiar, residir y formarse en La Nuc\u00eda.<\/p>  <p>En este sentido, Cano ha remarcado la colaboraci\u00f3n con el Colegio Vallemar, que ofrecer\u00e1 formaci\u00f3n biling\u00fce en ingl\u00e9s, eliminando la barrera idiom\u00e1tica para el alumnado internacional. \u201cLa llegada de la NBA School es un sue\u00f1o hecho realidad\u201d, ha afirmado.<\/p>  <p>La NBA School de La Nuc\u00eda seguir\u00e1 el modelo oficial de desarrollo de jugadores de la NBA, con un programa estructurado y enfocado tanto en la mejora t\u00e9cnica como en la formaci\u00f3n personal. El proyecto promueve valores como la integridad, el trabajo en equipo, el respeto y la determinaci\u00f3n, pilares fundamentales del baloncesto profesional estadounidense.<\/p>  <p>El programa principal ser\u00e1 la Escuela NBA de La Nuc\u00eda, que se desarrollar\u00e1 de septiembre a junio y arrancar\u00e1 oficialmente el 1 de septiembre de 2026. Adem\u00e1s, se organizar\u00e1n Campus NBA en Navidad, Semana Santa y verano, as\u00ed como programas NBA Skills, centrados en el desarrollo t\u00e9cnico y mental de los jugadores.<\/p>  <p>La actividad comenzar\u00e1 ya en Semana Santa de 2026, con acciones programadas del 6 al 9 de abril, y continuar\u00e1 con el Campus de Verano en el mes de junio.<\/p>  <p>La NBA School de La Nuc\u00eda ser\u00e1 la primera en Espa\u00f1a y se incorporar\u00e1 a una red internacional que cuenta actualmente con 17 sedes en todo el mundo, entre ellas Suiza, Italia, Portugal, Grecia, Lituania, Emiratos \u00c1rabes, India, China, Australia, Brasil, Argentina, M\u00e9xico o Rep\u00fablica Dominicana.<\/p> ","protected":false},"excerpt":{"rendered":"<p>El proyecto supondr\u00e1 la creaci\u00f3n de un nuevo pabell\u00f3n dedicado en exclusiva al baloncesto<\/p>\n","protected":false},"author":0,"featured_media":22150,"comment_status":"","ping_status":"open","sticky":false,"template":"","format":"standard","meta":{"_acf_changed":false,"footnotes":""},"categories":[1],"tags":[],"class_list":["post-22149","post","type-post","status-publish","format-standard","has-post-thumbnail","hentry","category-sin-categoria"],"acf":{"ser_id":"R2EDRIDJIBBHPF2ZIVGKCVZBS4","ser_url":"https:\/\/cadenaser.com\/comunitat-valenciana\/2026\/02\/04\/la-nba-crea-en-la-nucia-su-primera-academia-de-desarrollo-en-espana-radio-benidorm\/"},"_links":{"self":[{"href":"https:\/\/serbenidorm.daliisolutions.com\/index.php\/wp-json\/wp\/v2\/posts\/22149","targetHints":{"allow":["GET"]}}],"collection":[{"href":"https:\/\/serbenidorm.daliisolutions.com\/index.php\/wp-json\/wp\/v2\/posts"}],"about":[{"href":"https:\/\/serbenidorm.daliisolutions.com\/index.php\/wp-json\/wp\/v2\/types\/post"}],"replies":[{"embeddable":true,"href":"https:\/\/serbenidorm.daliisolutions.com\/index.php\/wp-json\/wp\/v2\/comments?post=22149"}],"version-history":[{"count":0,"href":"https:\/\/serbenidorm.daliisolutions.com\/index.php\/wp-json\/wp\/v2\/posts\/22149\/revisions"}],"wp:featuredmedia":[{"embeddable":true,"href":"https:\/\/serbenidorm.daliisolutions.com\/index.php\/wp-json\/wp\/v2\/media\/22150"}],"wp:attachment":[{"href":"https:\/\/serbenidorm.daliisolutions.com\/index.php\/wp-json\/wp\/v2\/media?parent=22149"}],"wp:term":[{"taxonomy":"category","embeddable":true,"href":"https:\/\/serbenidorm.daliisolutions.com\/index.php\/wp-json\/wp\/v2\/categories?post=22149"},{"taxonomy":"post_tag","embeddable":true,"href":"https:\/\/serbenidorm.daliisolutions.com\/index.php\/wp-json\/wp\/v2\/tags?post=22149"}],"curies":[{"name":"wp","href":"https:\/\/api.w.org\/{rel}","templated":true}]}}