{"id":22151,"date":"2026-02-04T18:10:15","date_gmt":"2026-02-04T17:10:15","guid":{"rendered":"https:\/\/serbenidorm.daliisolutions.com\/index.php\/2026\/02\/04\/felipe-orts-mantiene-su-gran-momento-y-sube-al-podio-en-maldegem\/"},"modified":"2026-02-04T18:10:15","modified_gmt":"2026-02-04T17:10:15","slug":"felipe-orts-mantiene-su-gran-momento-y-sube-al-podio-en-maldegem","status":"publish","type":"post","link":"https:\/\/serbenidorm.daliisolutions.com\/index.php\/2026\/02\/04\/felipe-orts-mantiene-su-gran-momento-y-sube-al-podio-en-maldegem\/","title":{"rendered":"Felipe Orts mantiene su gran momento y sube al podio en Maldegem"},"content":{"rendered":" <p>La ciudad belga de Maldegem acogi\u00f3 este mi\u00e9rcoles la sexta de las siete pruebas que conforman el Exact Cross y que encarna, de alguna manera, el inicio del fin de la temporada de ciclocross (tras ella, s\u00f3lo restan cinco fechas en el calendario invernal) y en ese escenario el vilero Felipe Orts volvi\u00f3 a demostrar el gran momento de forma que atraviesa subi\u00e9ndose a un nuevo podio, el s\u00e9ptimo de la temporada y el tercero en tierras centroeuropeas tras Woerden (donde alcanz\u00f3 la victoria) y el Zilvermeercross de Mol (tercero).<\/p>  <p>La jornada, una m\u00e1s del invierno seco que tambi\u00e9n se est\u00e1 atravesando en B\u00e9lgica, volvi\u00f3 a estar caracterizada por la gran velocidad a la que se disput\u00f3 la prueba, algo que provoc\u00f3 que costara mucho tiempo definir el grupo de corredores que iban a estar peleando por los puestos del caj\u00f3n del podio en el und\u00e9cimo y \u00faltimo giro.<\/p>  <p>De hecho, fue el propio Felipe Orts el que, mediada la prueba, lanz\u00f3 un potente cambio de ritmo que provoc\u00f3 la primera gran selecci\u00f3n del d\u00eda. El de La Vila Joiosa lleg\u00f3 a rodar en solitario por delante, pero el trabajo conjunto de Gerben Kuypers y Michael Vanthourenthout (compa\u00f1eros en el Pauwels Sauzen) y, sobre todo, Niels Vandeputte y Jente Michels (ambos en el Alpecin-Premier Tech) hizo inviable que el ocho veces campe\u00f3n de Espa\u00f1a pudiera abrir un hueco definitivo.<\/p>  <p>Una vez neutralizado, Orts se desgast\u00f3 (acaso en exceso) evitando que esa primera selecci\u00f3n que hab\u00eda provocado su ataque quedara en nada. La alta velocidad propuesta por el corredor vilero hizo imposible que los hombres que ya hab\u00edan quedado atr\u00e1s volvieran a enganchar con la pelea por el triunfo.<\/p>  <p>As\u00ed, ya en la \u00faltima vuelta, las cosas se torcieron por completo para la dupla del Pauwels-Sauzen. Primero fue Gerben Kuypers el que se fue al suelo dejando sin ayuda a su te\u00f3rico jefe de filas, Michael Vanthourenthout, que fue el siguiente en verse fuera de la lucha tras otra ca\u00edda en el arenero.<\/p>  <p>Tras ese enganch\u00f3n del belga quedaron solos en cabeza Niels Vandeputte, Joran Wyseure y el propio Felipe Orts, que vivi\u00f3 su particular susto al estar a punto de irse al suelo en el arenero, aunque su pericia sobre la bici le permiti\u00f3 evitar la ca\u00edda.<\/p>  <p>Salvada la situaci\u00f3n, los dos belgas aprovecharon para abrir unos metros que Orts supo volver a cerrar, pero ese nuevo desgaste, ya en una fase tan crucial de la jornada (con apenas un cuarto de vuelta por delante) fue demasiado para \u00e9l, que se tuvo que desentender finalmente de la pelea por un triunfo que fue a parar a Vandeputte seguido de Wyseure con Felipe Orts completando el podio a s\u00f3lo seis segundos del ganador.<\/p>  <p>Orts afrontar\u00e1 este fin de semana la doble cita de Middelkerke (s\u00e1bado) y Lille (domingo) y posteriormente cerrar\u00e1 su magn\u00edfico a\u00f1o en Sint-Niklaas (s\u00e1bado d\u00eda 14) y Bruselas (domingo, 15).<\/p> ","protected":false},"excerpt":{"rendered":"<p>El corredor espa\u00f1ol lider\u00f3 durante buena parte de la jornada el ParkCross<\/p>\n","protected":false},"author":0,"featured_media":22152,"comment_status":"","ping_status":"open","sticky":false,"template":"","format":"standard","meta":{"_acf_changed":false,"footnotes":""},"categories":[16],"tags":[],"class_list":["post-22151","post","type-post","status-publish","format-standard","has-post-thumbnail","hentry","category-deportes"],"acf":{"ser_id":"6EZGZ443HZHCNP3BHIICQ2OOO4","ser_url":"https:\/\/cadenaser.com\/comunitat-valenciana\/2026\/02\/04\/felipe-orts-mantiene-su-gran-momento-y-sube-al-podio-en-maldegem-radio-benidorm\/"},"_links":{"self":[{"href":"https:\/\/serbenidorm.daliisolutions.com\/index.php\/wp-json\/wp\/v2\/posts\/22151","targetHints":{"allow":["GET"]}}],"collection":[{"href":"https:\/\/serbenidorm.daliisolutions.com\/index.php\/wp-json\/wp\/v2\/posts"}],"about":[{"href":"https:\/\/serbenidorm.daliisolutions.com\/index.php\/wp-json\/wp\/v2\/types\/post"}],"replies":[{"embeddable":true,"href":"https:\/\/serbenidorm.daliisolutions.com\/index.php\/wp-json\/wp\/v2\/comments?post=22151"}],"version-history":[{"count":0,"href":"https:\/\/serbenidorm.daliisolutions.com\/index.php\/wp-json\/wp\/v2\/posts\/22151\/revisions"}],"wp:featuredmedia":[{"embeddable":true,"href":"https:\/\/serbenidorm.daliisolutions.com\/index.php\/wp-json\/wp\/v2\/media\/22152"}],"wp:attachment":[{"href":"https:\/\/serbenidorm.daliisolutions.com\/index.php\/wp-json\/wp\/v2\/media?parent=22151"}],"wp:term":[{"taxonomy":"category","embeddable":true,"href":"https:\/\/serbenidorm.daliisolutions.com\/index.php\/wp-json\/wp\/v2\/categories?post=22151"},{"taxonomy":"post_tag","embeddable":true,"href":"https:\/\/serbenidorm.daliisolutions.com\/index.php\/wp-json\/wp\/v2\/tags?post=22151"}],"curies":[{"name":"wp","href":"https:\/\/api.w.org\/{rel}","templated":true}]}}