{"id":22171,"date":"2026-02-05T14:28:13","date_gmt":"2026-02-05T13:28:13","guid":{"rendered":"https:\/\/serbenidorm.daliisolutions.com\/index.php\/2026\/02\/05\/mclan-la-fumiga-y-el-diluvi-en-villajoyosa-el-maror-fest-presenta-su-cartel\/"},"modified":"2026-02-05T14:28:13","modified_gmt":"2026-02-05T13:28:13","slug":"mclan-la-fumiga-y-el-diluvi-en-villajoyosa-el-maror-fest-presenta-su-cartel","status":"publish","type":"post","link":"https:\/\/serbenidorm.daliisolutions.com\/index.php\/2026\/02\/05\/mclan-la-fumiga-y-el-diluvi-en-villajoyosa-el-maror-fest-presenta-su-cartel\/","title":{"rendered":"MClan, La F\u00famiga y El Diluvi en Villajoyosa: el Maror Fest presenta su cartel"},"content":{"rendered":" <p>La tercera edici\u00f3n del Maror Festival ha presentado su cartel definitivo. Los organizadores han confirmado que los d\u00edas 26 y 27 de junio, la playa de la Antoneta en Villajoyosa acoger\u00e1 a artistas como <a href=\"https:\/\/cadenaser.com\/tag\/benidorm\/a\/\" target=\"_blank\" rel=\"nofollow\" title=\"https:\/\/cadenaser.com\/tag\/benidorm\/a\/\">MClan, La F\u00famiga, El Diluvi, Carlos Ares y Sanguijuelas del Guadiana, junto a Rom\u00e0ntic Dimoni, Esther, Cactus, Naina y los DJ Jajajers, Plan B y Las Hienas<\/a>. Adem\u00e1s, el evento contar\u00e1 con una zona \u201cgastro\u201d para los asistentes.<\/p>  <p>El alcalde Marcos Zaragoza, junto al concejal de Juventud, Carlos Soler, y los responsables del festival, Pepe Ten y Rafa Baeza, ha presentado oficialmente el cartel. Tambi\u00e9n han estado presentes los integrantes de El Diluvi, Flora Sempere y Andreu Ferre, quienes han destacado la relevancia del festival en la escena musical valenciana.<\/p>  <p>Zaragoza ha se\u00f1alado que el Maror Festival se ha consolidado como un evento anual que combina m\u00fasica en valenciano y castellano, con el objetivo de promocionar la cultura y lengua local. Ha a\u00f1adido que la iniciativa ha logrado atraer a un p\u00fablico creciente, consolidando la \u201cfamilia\u201d del festival edici\u00f3n tras edici\u00f3n.<\/p>  <p>Carlos Soler ha resaltado que Villajoyosa ha necesitado un festival de estas caracter\u00edsticas y que este evento permitir\u00e1 mostrar la riqueza gastron\u00f3mica, cultural y musical del municipio. Ha destacado la importancia de contar con artistas nacionales e internacionales, y ha mencionado que la actuaci\u00f3n de La F\u00famiga ser\u00e1 la \u00faltima en la provincia.<\/p>  <p>Los miembros de El Diluvi han explicado que este festival coincidir\u00e1 con su gira de 15 conciertos por sus 15 a\u00f1os de trayectoria, marcando su regreso a los escenarios tras dos a\u00f1os de pausa. Por su parte, Ten y Baeza han agradecido el apoyo del Ayuntamiento y han subrayado que el Maror Festival aspira a consolidarse y crecer a\u00f1o tras a\u00f1o, ofreciendo a los asistentes una experiencia completa junto al mar.<\/p>  <p>Las entradas para el Maror Festival 2026 ya se han puesto a la venta en la web oficial <a href=\"http:\/\/www.marorfest.com\" target=\"_blank\" rel=\"nofollow\">www.marorfest.com<\/a><\/p> ","protected":false},"excerpt":{"rendered":"<p>El festival de pop y rock, que se celebrar\u00e1 los d\u00edas 26 y 27 de junio en la playa de la Antoneta, contar\u00e1 con una completa programaci\u00f3n musical y zona gastron\u00f3mica<\/p>\n","protected":false},"author":0,"featured_media":22172,"comment_status":"","ping_status":"open","sticky":false,"template":"","format":"standard","meta":{"_acf_changed":false,"footnotes":""},"categories":[1],"tags":[],"class_list":["post-22171","post","type-post","status-publish","format-standard","has-post-thumbnail","hentry","category-sin-categoria"],"acf":{"ser_id":"RHCOQ2CZD5GWFH4ENRRUZVMS24","ser_url":"https:\/\/cadenaser.com\/comunitat-valenciana\/2026\/02\/05\/mclan-la-fumiga-y-el-diluvi-en-villajoyosa-el-maror-fest-presenta-su-cartel-radio-benidorm\/"},"_links":{"self":[{"href":"https:\/\/serbenidorm.daliisolutions.com\/index.php\/wp-json\/wp\/v2\/posts\/22171","targetHints":{"allow":["GET"]}}],"collection":[{"href":"https:\/\/serbenidorm.daliisolutions.com\/index.php\/wp-json\/wp\/v2\/posts"}],"about":[{"href":"https:\/\/serbenidorm.daliisolutions.com\/index.php\/wp-json\/wp\/v2\/types\/post"}],"replies":[{"embeddable":true,"href":"https:\/\/serbenidorm.daliisolutions.com\/index.php\/wp-json\/wp\/v2\/comments?post=22171"}],"version-history":[{"count":0,"href":"https:\/\/serbenidorm.daliisolutions.com\/index.php\/wp-json\/wp\/v2\/posts\/22171\/revisions"}],"wp:featuredmedia":[{"embeddable":true,"href":"https:\/\/serbenidorm.daliisolutions.com\/index.php\/wp-json\/wp\/v2\/media\/22172"}],"wp:attachment":[{"href":"https:\/\/serbenidorm.daliisolutions.com\/index.php\/wp-json\/wp\/v2\/media?parent=22171"}],"wp:term":[{"taxonomy":"category","embeddable":true,"href":"https:\/\/serbenidorm.daliisolutions.com\/index.php\/wp-json\/wp\/v2\/categories?post=22171"},{"taxonomy":"post_tag","embeddable":true,"href":"https:\/\/serbenidorm.daliisolutions.com\/index.php\/wp-json\/wp\/v2\/tags?post=22171"}],"curies":[{"name":"wp","href":"https:\/\/api.w.org\/{rel}","templated":true}]}}