{"id":22191,"date":"2026-02-06T10:15:51","date_gmt":"2026-02-06T09:15:51","guid":{"rendered":"https:\/\/serbenidorm.daliisolutions.com\/index.php\/2026\/02\/06\/el-huesitos-la-vila-busca-su-segunda-final-de-copa-16-anos-despues\/"},"modified":"2026-02-06T10:15:51","modified_gmt":"2026-02-06T09:15:51","slug":"el-huesitos-la-vila-busca-su-segunda-final-de-copa-16-anos-despues","status":"publish","type":"post","link":"https:\/\/serbenidorm.daliisolutions.com\/index.php\/2026\/02\/06\/el-huesitos-la-vila-busca-su-segunda-final-de-copa-16-anos-despues\/","title":{"rendered":"El Huesitos-La Vila busca su segunda final de Copa 16 a\u00f1os despu\u00e9s"},"content":{"rendered":" <p>La Divisi\u00f3n de Honor del rugby nacional vuelve a detenerse para dar paso a la disputa de las semifinales de la Copa del Rey, una competici\u00f3n en la que el Huesitos-La Vila aspira, tras una primera fase impoluta y de gran juego, a llegar a una gran final 16 a\u00f1os despu\u00e9s de la disputada en La Albuera ante el Vrac y 15 a\u00f1os despu\u00e9s de haber vibrado en El Pantano con la que disputaron El Salvador y el Vrac.<\/p>  <p>En aquel ya lejano a\u00f1o 2010 en el que los vileros cayeron en tierras segovianas ante un hist\u00f3rico como el Vrac, el ahora conocido como Huesitos-La Vila viv\u00eda uno de sus mejores momentos hist\u00f3ricos. Fue ese a\u00f1o cuando el equipo del Pantano se proclam\u00f3 subcampe\u00f3n de liga y Copa y un a\u00f1o m\u00e1s tarde ganar\u00eda la liga y la Supercopa.<\/p>  <p>Ahora, las cosas son distintas; pero la entidad presidida por Guillem Carri\u00f3n, art\u00edfice junto a toda su directiva del resurgir institucional del club; tambi\u00e9n est\u00e1 consolidando en el plano deportivo ese buen hacer en los despachos consolid\u00e1ndose entre los mejores del rugby nacional.<\/p>  <p>El de este domingo (12:30 horas) en el Estadio Nacional Complutense ser\u00e1 un partido muy especial, en primer lugar, por lo mucho que est\u00e1 en juego: el pase a una final en la que el ganador de este choque se medir\u00e1 al ganador de la \u2018semi\u2019 entre el Vrac y el Alcobendas. Pero, adem\u00e1s, este partido llega con un claro sabor a revancha para un Huesitos-La Vila que hace ahora dos semanas (en un d\u00eda muy complicado en lo emocional para el vestuario) dio la que ha sido, con diferencia, su peor imagen de la actual temporada.<\/p>  <p>Sabedores de que ese tropiezo en liga ante Cisneros debe servirles como un serio toque de atenci\u00f3n, los de Hern\u00e1n \u2018Falu\u2019 Quirelli vuelven ahora a ese mismo escenario para reencontrarse con las buenas sensaciones y citarse as\u00ed con la historia.<\/p> ","protected":false},"excerpt":{"rendered":"<p>Los de Hern\u00e1n \u2018Falu\u2019 Quirelli vuelven al campo del Cisneros con la misi\u00f3n de vengar la afrenta sufrida hace dos semanas<\/p>\n","protected":false},"author":0,"featured_media":22192,"comment_status":"","ping_status":"open","sticky":false,"template":"","format":"standard","meta":{"_acf_changed":false,"footnotes":""},"categories":[16],"tags":[],"class_list":["post-22191","post","type-post","status-publish","format-standard","has-post-thumbnail","hentry","category-deportes"],"acf":{"ser_id":"JI7SCKD2MBCRDMJPYK3PMXNB3M","ser_url":"https:\/\/cadenaser.com\/comunitat-valenciana\/2026\/02\/06\/el-huesitos-la-vila-busca-su-segunda-final-de-copa-16-anos-despues-radio-benidorm\/"},"_links":{"self":[{"href":"https:\/\/serbenidorm.daliisolutions.com\/index.php\/wp-json\/wp\/v2\/posts\/22191","targetHints":{"allow":["GET"]}}],"collection":[{"href":"https:\/\/serbenidorm.daliisolutions.com\/index.php\/wp-json\/wp\/v2\/posts"}],"about":[{"href":"https:\/\/serbenidorm.daliisolutions.com\/index.php\/wp-json\/wp\/v2\/types\/post"}],"replies":[{"embeddable":true,"href":"https:\/\/serbenidorm.daliisolutions.com\/index.php\/wp-json\/wp\/v2\/comments?post=22191"}],"version-history":[{"count":0,"href":"https:\/\/serbenidorm.daliisolutions.com\/index.php\/wp-json\/wp\/v2\/posts\/22191\/revisions"}],"wp:featuredmedia":[{"embeddable":true,"href":"https:\/\/serbenidorm.daliisolutions.com\/index.php\/wp-json\/wp\/v2\/media\/22192"}],"wp:attachment":[{"href":"https:\/\/serbenidorm.daliisolutions.com\/index.php\/wp-json\/wp\/v2\/media?parent=22191"}],"wp:term":[{"taxonomy":"category","embeddable":true,"href":"https:\/\/serbenidorm.daliisolutions.com\/index.php\/wp-json\/wp\/v2\/categories?post=22191"},{"taxonomy":"post_tag","embeddable":true,"href":"https:\/\/serbenidorm.daliisolutions.com\/index.php\/wp-json\/wp\/v2\/tags?post=22191"}],"curies":[{"name":"wp","href":"https:\/\/api.w.org\/{rel}","templated":true}]}}