{"id":22197,"date":"2026-02-06T11:40:03","date_gmt":"2026-02-06T10:40:03","guid":{"rendered":"https:\/\/serbenidorm.daliisolutions.com\/index.php\/2026\/02\/06\/el-balonmano-servigroup-benidorm-viaja-a-soria-para-confirmar-las-buenas-sensaciones\/"},"modified":"2026-02-06T11:40:03","modified_gmt":"2026-02-06T10:40:03","slug":"el-balonmano-servigroup-benidorm-viaja-a-soria-para-confirmar-las-buenas-sensaciones","status":"publish","type":"post","link":"https:\/\/serbenidorm.daliisolutions.com\/index.php\/2026\/02\/06\/el-balonmano-servigroup-benidorm-viaja-a-soria-para-confirmar-las-buenas-sensaciones\/","title":{"rendered":"El Balonmano Servigroup Benidorm viaja a Soria para confirmar las buenas sensaciones"},"content":{"rendered":" <p>El Balonmano Servigroup Benidorm visitar\u00e1 este s\u00e1bado (18:00 horas) al Soria con motivo de la disputa de la 19\u00aa jornada de la Divisi\u00f3n de Honor plata del balonmano nacional. Tras el contundente triunfo conseguido el pasado domingo en Altea ante el M\u00e1laga, los de Alejandro Cutanda afrontan este duelo con la doble misi\u00f3n de confirmar las buenas sensaciones dadas en Garganes y, con ello, sumar dos puntos important\u00edsimos en su lucha por asentarse en las plazas de promoci\u00f3n de ascenso a Asobal.<\/p>  <p>Frente a ellos, un Soria que llega en horas bajas despu\u00e9s de haber saldado con derrota sus \u00faltimos cuatro compromisos ligueros ante Agustinos, Ibiza, Bar\u00e7a y Blendio Sinf\u00edn; algo que les ha llevado a meterse en una situaci\u00f3n muy delicada en la clasificaci\u00f3n, donde marchan en la antepen\u00faltima posici\u00f3n a dos puntos de Zaragoza, algo que, entienden en el vestuario del Balonmano Servigroup Benidorm, convierte a los sorianos en un rival terriblemente peligroso ya que una nueva derrota podr\u00eda suponer para ellos un rev\u00e9s ya muy importante en su pelea por la salvaci\u00f3n.<\/p>  <p>Los benidormenses, por su parte, siguen avanzando en su proceso de adaptaci\u00f3n a las exigencias y necesidades de \u2018Cuti\u2019 tras su llegada al banquillo en calidad de primer entrenador. Tras un arranque de etapa algo desdibujada con el empate frente a Cisne y la derrota ante Puerto Sagunto (en partido aplazado de la 14\u00aa jornada y muy condicionado por la ausencia de Ferr\u00e1n Prieto); el choque del pasado domingo ante el M\u00e1laga, hasta entonces bestia negra del Balonmano Servigroup Benidorm esta temporada, ha devuelto al confianza a un equipo que, en todo caso, sigue con todas sus opciones intactas de volver al pr\u00f3ximo a\u00f1o a la m\u00e1xima categor\u00eda.<\/p> ","protected":false},"excerpt":{"rendered":"<p>Tras la victoria en Altea ante el M\u00e1laga, los de \u2018Cuti\u2019 quieren aprovechar el mal momento de los locales<\/p>\n","protected":false},"author":0,"featured_media":22198,"comment_status":"","ping_status":"open","sticky":false,"template":"","format":"standard","meta":{"_acf_changed":false,"footnotes":""},"categories":[16],"tags":[],"class_list":["post-22197","post","type-post","status-publish","format-standard","has-post-thumbnail","hentry","category-deportes"],"acf":{"ser_id":"ZZNUQFKQNJAZLOKXFLKSTWJPQQ","ser_url":"https:\/\/cadenaser.com\/comunitat-valenciana\/2026\/02\/06\/el-balonmano-servigroup-benidorm-viaja-a-soria-para-confirmar-las-buenas-sensaciones-radio-benidorm\/"},"_links":{"self":[{"href":"https:\/\/serbenidorm.daliisolutions.com\/index.php\/wp-json\/wp\/v2\/posts\/22197","targetHints":{"allow":["GET"]}}],"collection":[{"href":"https:\/\/serbenidorm.daliisolutions.com\/index.php\/wp-json\/wp\/v2\/posts"}],"about":[{"href":"https:\/\/serbenidorm.daliisolutions.com\/index.php\/wp-json\/wp\/v2\/types\/post"}],"replies":[{"embeddable":true,"href":"https:\/\/serbenidorm.daliisolutions.com\/index.php\/wp-json\/wp\/v2\/comments?post=22197"}],"version-history":[{"count":0,"href":"https:\/\/serbenidorm.daliisolutions.com\/index.php\/wp-json\/wp\/v2\/posts\/22197\/revisions"}],"wp:featuredmedia":[{"embeddable":true,"href":"https:\/\/serbenidorm.daliisolutions.com\/index.php\/wp-json\/wp\/v2\/media\/22198"}],"wp:attachment":[{"href":"https:\/\/serbenidorm.daliisolutions.com\/index.php\/wp-json\/wp\/v2\/media?parent=22197"}],"wp:term":[{"taxonomy":"category","embeddable":true,"href":"https:\/\/serbenidorm.daliisolutions.com\/index.php\/wp-json\/wp\/v2\/categories?post=22197"},{"taxonomy":"post_tag","embeddable":true,"href":"https:\/\/serbenidorm.daliisolutions.com\/index.php\/wp-json\/wp\/v2\/tags?post=22197"}],"curies":[{"name":"wp","href":"https:\/\/api.w.org\/{rel}","templated":true}]}}