{"id":22200,"date":"2026-02-06T12:38:44","date_gmt":"2026-02-06T11:38:44","guid":{"rendered":"https:\/\/serbenidorm.daliisolutions.com\/index.php\/2026\/02\/06\/el-benidorm-fest-que-no-se-ve-en-television-musica-tapas-o-exposiciones-llenan-la-ciudad\/"},"modified":"2026-02-06T12:38:44","modified_gmt":"2026-02-06T11:38:44","slug":"el-benidorm-fest-que-no-se-ve-en-television-musica-tapas-o-exposiciones-llenan-la-ciudad","status":"publish","type":"post","link":"https:\/\/serbenidorm.daliisolutions.com\/index.php\/2026\/02\/06\/el-benidorm-fest-que-no-se-ve-en-television-musica-tapas-o-exposiciones-llenan-la-ciudad\/","title":{"rendered":"El Benidorm Fest que no se ve en televisi\u00f3n: m\u00fasica, tapas o exposiciones llenan la ciudad"},"content":{"rendered":" <p>La capital tur\u00edstica de la Comunitat Valenciana se convierte durante la semana del Benidorm Fest en una aut\u00e9ntica ciudad-festival gracias a un amplio programa de actividades abiertas a todos los p\u00fablicos, pensado para disfrutar del ambiente eurovisivo sin necesidad de entrada. <\/p>  <p>Zonas al aire libre, propuestas familiares, retransmisiones en directo y encuentros musicales har\u00e1n que la m\u00fasica tome calles y plazas durante nueve d\u00edas consecutivos.<\/p>  <p>La programaci\u00f3n arrancar\u00e1 el s\u00e1bado 7 de febrero con la Alfombra Naranja en el Centro Cultural de la avenida Europa, donde se celebrar\u00e1 la presentaci\u00f3n oficial de artistas, delegaciones e invitados. Al d\u00eda siguiente, el domingo 8, el protagonismo ser\u00e1 para el p\u00fablico familiar con la gala Benidorm Fest Junior, una cita infantil y juvenil que reunir\u00e1 a j\u00f3venes promesas en el mismo espacio cultural.<\/p>  <p>A partir del lunes 9 de febrero se activar\u00e1 la Fan Zone y el Euroclub en la Plaza de los Reyes de Espa\u00f1a (Plaza del Ayuntamiento), con gastronom\u00eda local, animaci\u00f3n y sesiones de DJ desde la tarde. Durante la semana, este espacio acoger\u00e1 fiestas de bienvenida, encuentros con fans, actuaciones de artistas invitados y la retransmisi\u00f3n en directo de las semifinales del certamen, adem\u00e1s de animaci\u00f3n musical diaria.<\/p>  <p>El viernes 13 de febrero se celebrar\u00e1 el D\u00eda del Fan con actividades especiales como el Bingo Fest y una gran fiesta del Euroclub con la participaci\u00f3n de artistas de ediciones anteriores y finalistas eliminados. <a href=\"https:\/\/cadenaser.com\/tag\/benidorm\/a\/\" target=\"_blank\" rel=\"nofollow\" title=\"https:\/\/cadenaser.com\/tag\/benidorm\/a\/\">El s\u00e1bado 14, la Plaza del Ayuntamiento ser\u00e1 el escenario de la mejor previa en LOS40 Session Euroclub con Cristian San Bernardino y Aitor Belda<\/a>.<\/p>  <p>Justo despu\u00e9s la retransmisi\u00f3n de la gran final en el cercano auditorio Julio Iglesias, mientras que el domingo 15 se pondr\u00e1 el broche final con una jornada musical de clausura en la Fan Zone.<\/p>  <p>De forma paralela, Benidorm reforzar\u00e1 su v\u00ednculo con la m\u00fasica a trav\u00e9s de una exposici\u00f3n especial en el Espai d\u2019Art del Ayuntamiento, que podr\u00e1 visitarse del 7 al 15 de febrero con entrada gratuita. <\/p>  <p>La muestra repasar\u00e1 la historia musical de la ciudad, desde el Festival Internacional de la Canci\u00f3n de Benidorm hasta el actual Benidorm Fest, con documentos originales, fotograf\u00edas, trajes ic\u00f3nicos y piezas representativas que conectan pasado y presente del certamen.<\/p> ","protected":false},"excerpt":{"rendered":"<p>LOS40 Session Euroclub calentar\u00e1 el centro de Benidorm justo antes de la final<\/p>\n","protected":false},"author":0,"featured_media":22201,"comment_status":"","ping_status":"open","sticky":false,"template":"","format":"standard","meta":{"_acf_changed":false,"footnotes":""},"categories":[1],"tags":[],"class_list":["post-22200","post","type-post","status-publish","format-standard","has-post-thumbnail","hentry","category-sin-categoria"],"acf":{"ser_id":"D53LEA2ADVFMXKLD4YLXS2YDTM","ser_url":"https:\/\/cadenaser.com\/comunitat-valenciana\/2026\/02\/06\/el-benidorm-fest-que-no-se-ve-en-television-musica-tapas-o-exposiciones-llenan-la-ciudad-radio-benidorm\/"},"_links":{"self":[{"href":"https:\/\/serbenidorm.daliisolutions.com\/index.php\/wp-json\/wp\/v2\/posts\/22200","targetHints":{"allow":["GET"]}}],"collection":[{"href":"https:\/\/serbenidorm.daliisolutions.com\/index.php\/wp-json\/wp\/v2\/posts"}],"about":[{"href":"https:\/\/serbenidorm.daliisolutions.com\/index.php\/wp-json\/wp\/v2\/types\/post"}],"replies":[{"embeddable":true,"href":"https:\/\/serbenidorm.daliisolutions.com\/index.php\/wp-json\/wp\/v2\/comments?post=22200"}],"version-history":[{"count":0,"href":"https:\/\/serbenidorm.daliisolutions.com\/index.php\/wp-json\/wp\/v2\/posts\/22200\/revisions"}],"wp:featuredmedia":[{"embeddable":true,"href":"https:\/\/serbenidorm.daliisolutions.com\/index.php\/wp-json\/wp\/v2\/media\/22201"}],"wp:attachment":[{"href":"https:\/\/serbenidorm.daliisolutions.com\/index.php\/wp-json\/wp\/v2\/media?parent=22200"}],"wp:term":[{"taxonomy":"category","embeddable":true,"href":"https:\/\/serbenidorm.daliisolutions.com\/index.php\/wp-json\/wp\/v2\/categories?post=22200"},{"taxonomy":"post_tag","embeddable":true,"href":"https:\/\/serbenidorm.daliisolutions.com\/index.php\/wp-json\/wp\/v2\/tags?post=22200"}],"curies":[{"name":"wp","href":"https:\/\/api.w.org\/{rel}","templated":true}]}}