{"id":22204,"date":"2026-02-06T12:38:45","date_gmt":"2026-02-06T11:38:45","guid":{"rendered":"https:\/\/serbenidorm.daliisolutions.com\/index.php\/2026\/02\/06\/servigroup-benidorm-y-terralfas-miden-su-potencial-ante-rivales-de-altura\/"},"modified":"2026-02-06T12:38:45","modified_gmt":"2026-02-06T11:38:45","slug":"servigroup-benidorm-y-terralfas-miden-su-potencial-ante-rivales-de-altura","status":"publish","type":"post","link":"https:\/\/serbenidorm.daliisolutions.com\/index.php\/2026\/02\/06\/servigroup-benidorm-y-terralfas-miden-su-potencial-ante-rivales-de-altura\/","title":{"rendered":"Servigroup Benidorm y Terralf\u00e0s miden su potencial ante rivales de altura"},"content":{"rendered":" <p>El Servigroup Baloncesto Benidorm afronta este domingo (12:30 horas) un complicad\u00edsimo partido ante el Sueca, segundo clasificado de la Tercera FEB, en un duelo de altura en el que los de Nico S\u00e1nchez deber\u00e1n dar su mejor versi\u00f3n para, tras las bajas sufridas en las \u00faltimas fechas, poder dar un nuevo paso adelante en su ambicioso objetivo de colarse en el play-off por el ascenso al final de esta fase regular a la que le quedan s\u00f3lo ocho jornadas por delante.<\/p>  <p>Pese a los contratiempos sufridos, el equipo de Nico S\u00e1nchez ha saldado con nota sus dos \u00faltimos compromisos, venciendo al Cartagena y al Montemar; por lo que el partido de este fin de semana llega en un relativo buen momento para seguir avanzando en la competici\u00f3n.<\/p>  <p>La mala noticia, eso s\u00ed, es que debido a los trabajos de montaje del Benidorm Fest en el Palau d\u2019Esports l\u2019Illa de Benidorm, los benidormenses deber\u00e1n actuar como locales en el pabell\u00f3n Domingo Crespo de Calpe, rest\u00e1ndole algo al \u2018factor cancha\u2019 ante uno de los rivales m\u00e1s duros de la competici\u00f3n.<\/p>  <p>Por su parte, el Terralf\u00e0s femenino regresa esta semana a la competici\u00f3n tras haber visto aplazado hasta el 18 de marzo su partido de la pasada semana ante el Adesavi. Las de M\u00aa Carmen Burgos tratar\u00e1n, por lo tanto, hacer valer no s\u00f3lo su mayor frescura, sino tambi\u00e9n su condici\u00f3n de local ante el Lucentum Alicante en el choque que arrancar\u00e1 a las 12:00 horas del pr\u00f3ximo domingo.<\/p>  <p>Firmemente asentadas en la tercera posici\u00f3n de la tabla, las alfasinas reciben a un l\u00edder que ha sumado trece triunfos en otros tantos partidos ya disputados.<\/p> ","protected":false},"excerpt":{"rendered":"<p>Ambos act\u00faan como locales, aunque los benidormenses deber\u00e1n hacerlo en el Pabell\u00f3n Domingo Crespo de Calpe<\/p>\n","protected":false},"author":0,"featured_media":22205,"comment_status":"","ping_status":"open","sticky":false,"template":"","format":"standard","meta":{"_acf_changed":false,"footnotes":""},"categories":[16],"tags":[],"class_list":["post-22204","post","type-post","status-publish","format-standard","has-post-thumbnail","hentry","category-deportes"],"acf":{"ser_id":"OVCHBYVKEVBITBYNOIDEOH4UUA","ser_url":"https:\/\/cadenaser.com\/comunitat-valenciana\/2026\/02\/06\/servigroup-benidorm-y-terralfas-miden-su-potencial-ante-rivales-de-altura-radio-benidorm\/"},"_links":{"self":[{"href":"https:\/\/serbenidorm.daliisolutions.com\/index.php\/wp-json\/wp\/v2\/posts\/22204","targetHints":{"allow":["GET"]}}],"collection":[{"href":"https:\/\/serbenidorm.daliisolutions.com\/index.php\/wp-json\/wp\/v2\/posts"}],"about":[{"href":"https:\/\/serbenidorm.daliisolutions.com\/index.php\/wp-json\/wp\/v2\/types\/post"}],"replies":[{"embeddable":true,"href":"https:\/\/serbenidorm.daliisolutions.com\/index.php\/wp-json\/wp\/v2\/comments?post=22204"}],"version-history":[{"count":0,"href":"https:\/\/serbenidorm.daliisolutions.com\/index.php\/wp-json\/wp\/v2\/posts\/22204\/revisions"}],"wp:featuredmedia":[{"embeddable":true,"href":"https:\/\/serbenidorm.daliisolutions.com\/index.php\/wp-json\/wp\/v2\/media\/22205"}],"wp:attachment":[{"href":"https:\/\/serbenidorm.daliisolutions.com\/index.php\/wp-json\/wp\/v2\/media?parent=22204"}],"wp:term":[{"taxonomy":"category","embeddable":true,"href":"https:\/\/serbenidorm.daliisolutions.com\/index.php\/wp-json\/wp\/v2\/categories?post=22204"},{"taxonomy":"post_tag","embeddable":true,"href":"https:\/\/serbenidorm.daliisolutions.com\/index.php\/wp-json\/wp\/v2\/tags?post=22204"}],"curies":[{"name":"wp","href":"https:\/\/api.w.org\/{rel}","templated":true}]}}