{"id":22207,"date":"2026-02-06T13:01:21","date_gmt":"2026-02-06T12:01:21","guid":{"rendered":"https:\/\/serbenidorm.daliisolutions.com\/index.php\/2026\/02\/06\/ciclocross-btt-y-ruta-completan-el-menu-ciclista-del-fin-de-semana\/"},"modified":"2026-02-06T13:01:21","modified_gmt":"2026-02-06T12:01:21","slug":"ciclocross-btt-y-ruta-completan-el-menu-ciclista-del-fin-de-semana","status":"publish","type":"post","link":"https:\/\/serbenidorm.daliisolutions.com\/index.php\/2026\/02\/06\/ciclocross-btt-y-ruta-completan-el-menu-ciclista-del-fin-de-semana\/","title":{"rendered":"Ciclocross, BTT y ruta completan el men\u00fa ciclista del fin de semana"},"content":{"rendered":" <p>El fin de semana llega a la Marina Baixa, al menos en lo deportivo, muy marcado por las grandes citas ciclistas en tres de sus especialidades m\u00e1s importantes y con La Nuc\u00eda como claro epicentro.<\/p>  <p>La Ciutat Esportiva Camilo Cano ser\u00e1 el escenario en el que tanto el s\u00e1bado como el domingo se disputar\u00e1 una nueva edici\u00f3n de su XCO Internacional, un evento que reunir\u00e1 a lo m\u00e1s granado del pelot\u00f3n del mountain bike mundial en el arranque de una nueva temporada que, adem\u00e1s, inicia el ciclo de clasificaci\u00f3n ol\u00edmpica de cara a los Juegos de Los \u00c1ngeles en 2028.<\/p>  <p>La jornada de s\u00e1bado estar\u00e1 dedicada, principalmente, a las pruebas de categor\u00eda de base (con m\u00e1s de 300 inscritos) y M\u00e1ster, mientras que ya ser\u00e1 el domingo cuando los mejores especialistas del mundo se midan al circuito dise\u00f1ado por el medallista ol\u00edmpico en R\u00edo 2016 Carlos Coloma.<\/p>  <p>La Nuc\u00eda ser\u00e1, as\u00ed mismo, punto de partida el s\u00e1bado de la cuarta y pen\u00faltima jornada de la Volta a la Comunitat Valenciana en una etapa de 172 kil\u00f3metros con final en Teulada Moraira, donde se arribar\u00e1 tras pasar por los puertos del Coll de Rates, Miserat, Sorells, La Fustera y La Lloren\u00e7a en un d\u00eda que dejar\u00e1 la clasificaci\u00f3n general absolutamente decidida antes de que la prueba termine con la quinta etapa, ya en domingo, entre B\u00e9tera y Valencia.<\/p>  <p><b>Felipe Orts a por la victoria que le falta<\/b><\/p>  <p>Y con s\u00f3lo dos fines de semana por delante antes de dar por finalizada su temporada, el vilero Felipe Orts actuar\u00e1 por partida doble en B\u00e9lgica. El s\u00e1bado lo har\u00e1 en la \u00faltima cita puntuable para el Superprestigio en Middelkerke. All\u00ed, en el Nordzeecross, el ocho veces campe\u00f3n de Espa\u00f1a fue s\u00e9ptimo en 2021 y 2024, sus dos mejores resultados hasta el momento en ese circuito.<\/p>  <p>Sin embargo, Orts, que marcha sexto en la general del Superprestigio, ha demostrado ya de manera sobrada (la \u00faltima vez, el mi\u00e9rcoles, cuando fue tercero en Maldegem) que su estado de forma en este tramo final del a\u00f1o ciclista para \u00e9l es excepcional y, por lo tanto, puede aspirar de forma realista con alcanzar la que ser\u00eda su primera victoria en una cita valedera para uno de los tres grandes torneos del calendario internacional (Copa del Mundo, Superprestigio y X2O).<\/p>  <p>Si no lo logra el s\u00e1bado, el ciclista de La Vila Joiosa tendr\u00e1 una nueva oportunidad el domingo con la pen\u00faltima valedera para el Trofeo X2O, que se diputar\u00e1 en Lille donde, tambi\u00e9n en 2021 y 2024, obtuvo con sendas s\u00e9ptimas posiciones sus mejores prestaciones.<\/p> ","protected":false},"excerpt":{"rendered":"<p>Felipe Orts afronta en B\u00e9lgica su pen\u00faltimo doblete del a\u00f1o y La Nuc\u00eda vibrar\u00e1 con el XCO Internacional y la Volta a la Comunitat Valenciana<\/p>\n","protected":false},"author":0,"featured_media":22208,"comment_status":"","ping_status":"open","sticky":false,"template":"","format":"standard","meta":{"_acf_changed":false,"footnotes":""},"categories":[1],"tags":[],"class_list":["post-22207","post","type-post","status-publish","format-standard","has-post-thumbnail","hentry","category-sin-categoria"],"acf":{"ser_id":"T5IVBMR3YVD4FE64T6DMOE7XJI","ser_url":"https:\/\/cadenaser.com\/comunitat-valenciana\/2026\/02\/06\/ciclocross-btt-y-ruta-completan-el-menu-ciclista-del-fin-de-semana-radio-benidorm\/"},"_links":{"self":[{"href":"https:\/\/serbenidorm.daliisolutions.com\/index.php\/wp-json\/wp\/v2\/posts\/22207","targetHints":{"allow":["GET"]}}],"collection":[{"href":"https:\/\/serbenidorm.daliisolutions.com\/index.php\/wp-json\/wp\/v2\/posts"}],"about":[{"href":"https:\/\/serbenidorm.daliisolutions.com\/index.php\/wp-json\/wp\/v2\/types\/post"}],"replies":[{"embeddable":true,"href":"https:\/\/serbenidorm.daliisolutions.com\/index.php\/wp-json\/wp\/v2\/comments?post=22207"}],"version-history":[{"count":0,"href":"https:\/\/serbenidorm.daliisolutions.com\/index.php\/wp-json\/wp\/v2\/posts\/22207\/revisions"}],"wp:featuredmedia":[{"embeddable":true,"href":"https:\/\/serbenidorm.daliisolutions.com\/index.php\/wp-json\/wp\/v2\/media\/22208"}],"wp:attachment":[{"href":"https:\/\/serbenidorm.daliisolutions.com\/index.php\/wp-json\/wp\/v2\/media?parent=22207"}],"wp:term":[{"taxonomy":"category","embeddable":true,"href":"https:\/\/serbenidorm.daliisolutions.com\/index.php\/wp-json\/wp\/v2\/categories?post=22207"},{"taxonomy":"post_tag","embeddable":true,"href":"https:\/\/serbenidorm.daliisolutions.com\/index.php\/wp-json\/wp\/v2\/tags?post=22207"}],"curies":[{"name":"wp","href":"https:\/\/api.w.org\/{rel}","templated":true}]}}