{"id":22210,"date":"2026-02-06T14:21:10","date_gmt":"2026-02-06T13:21:10","guid":{"rendered":"https:\/\/serbenidorm.daliisolutions.com\/index.php\/2026\/02\/06\/el-psoe-de-benidorm-denuncia-que-la-ciudad-sigue-sin-sede-de-la-diputacion-tres-anos-despues-de-su-anuncio\/"},"modified":"2026-02-06T14:21:10","modified_gmt":"2026-02-06T13:21:10","slug":"el-psoe-de-benidorm-denuncia-que-la-ciudad-sigue-sin-sede-de-la-diputacion-tres-anos-despues-de-su-anuncio","status":"publish","type":"post","link":"https:\/\/serbenidorm.daliisolutions.com\/index.php\/2026\/02\/06\/el-psoe-de-benidorm-denuncia-que-la-ciudad-sigue-sin-sede-de-la-diputacion-tres-anos-despues-de-su-anuncio\/","title":{"rendered":"El PSOE de Benidorm denuncia que la ciudad sigue sin sede de la Diputaci\u00f3n tres a\u00f1os despu\u00e9s de su anuncio"},"content":{"rendered":" <p>El PSOE de Benidorm, principal grupo de la oposici\u00f3n en el Ayuntamiento, ha denunciado el \u00ababsoluto abandono\u00bb y la \u00abfalta de voluntad pol\u00edtica\u00bb del Partido Popular respecto a la creaci\u00f3n de la sede institucional y cultural de la Diputaci\u00f3n de Alicante en la ciudad. Tres a\u00f1os despu\u00e9s del anuncio original realizado por el entonces presidente provincial, Carlos Maz\u00f3n, y el alcalde Toni P\u00e9rez, el proyecto \u00absigue paralizado y sin noticias de una nueva hoja de ruta\u00bb.<\/p>  <p>La portavoz socialista, Cristina Escoda, ha recordado que en enero de 2023 se present\u00f3 este proyecto como una actuaci\u00f3n estrat\u00e9gica que dotar\u00eda a Benidorm de un espacio cultural de referencia en el Casco Antiguo, <a href=\"https:\/\/cadenaser.com\/comunitat-valenciana\/2023\/05\/24\/la-nueva-sede-de-la-diputacion-en-benidorm-supondra-cinco-millones-de-euros-radio-benidorm\/\" target=\"_blank\" rel=\"nofollow\" title=\"https:\/\/cadenaser.com\/comunitat-valenciana\/2023\/05\/24\/la-nueva-sede-de-la-diputacion-en-benidorm-supondra-cinco-millones-de-euros-radio-benidorm\/\">con una inversi\u00f3n prevista de m\u00e1s de 5,2 millones de euros<\/a>. \u00abNos vendieron un sue\u00f1o que iba a acercar el MARQ, el MUBAG y el ADDA a nuestros vecinos y turistas, pero la realidad es que hoy solo tenemos otro anuncio electoralista guardado en un caj\u00f3n\u00bb, ha lamentado.<\/p>  <p>Para los socialistas, la situaci\u00f3n es especialmente sangrante dado que, en la actualidad, Toni P\u00e9rez ostenta la presidencia de la Diputaci\u00f3n de Alicante. Escoda ha se\u00f1alado que el \u00faltimo movimiento administrativo real se produjo en febrero de 2024, cuando la licitaci\u00f3n para adquirir el inmueble qued\u00f3 desierta. En aquel momento, el equipo de Gobierno del PP rest\u00f3 importancia al fracaso asegurando que el compromiso era \u00abfirme\u00bb y que Benidorm tendr\u00eda la sede que \u00abmerec\u00eda\u00bb a medio plazo. <\/p>  <p>La dirigente socialista ha subrayado el agravio comparativo con otras ciudades: \u00abEs indignante ver c\u00f3mo, por ejemplo, en Elche se adquiri\u00f3 un inmueble para la sede provincial mientras que en Benidorm, con un alcalde que adem\u00e1s es presidente de la Diputaci\u00f3n, la iniciativa est\u00e1 en paradero desconocido\u00bb. <\/p>  <p>Finalmente la portavoz ha exigido a Toni P\u00e9rez que aclare de inmediato en qu\u00e9 punto se encuentra el proyecto, si existe voluntad real de llevarlo a cabo, y qu\u00e9 plazos baraja la Diputaci\u00f3n para retomar el expediente. <\/p> ","protected":false},"excerpt":{"rendered":"<p>El alcalde compagina el cargo con la presidencia del gobierno provincial<\/p>\n","protected":false},"author":0,"featured_media":22211,"comment_status":"","ping_status":"open","sticky":false,"template":"","format":"standard","meta":{"_acf_changed":false,"footnotes":""},"categories":[1],"tags":[],"class_list":["post-22210","post","type-post","status-publish","format-standard","has-post-thumbnail","hentry","category-sin-categoria"],"acf":{"ser_id":"QT6FMIRWNNCTDCMO2ZDECFQW3U","ser_url":"https:\/\/cadenaser.com\/comunitat-valenciana\/2026\/02\/06\/el-psoe-de-benidorm-denuncia-que-la-ciudad-sigue-sin-sede-de-la-diputacion-tres-anos-despues-de-su-anuncio-radio-benidorm\/"},"_links":{"self":[{"href":"https:\/\/serbenidorm.daliisolutions.com\/index.php\/wp-json\/wp\/v2\/posts\/22210","targetHints":{"allow":["GET"]}}],"collection":[{"href":"https:\/\/serbenidorm.daliisolutions.com\/index.php\/wp-json\/wp\/v2\/posts"}],"about":[{"href":"https:\/\/serbenidorm.daliisolutions.com\/index.php\/wp-json\/wp\/v2\/types\/post"}],"replies":[{"embeddable":true,"href":"https:\/\/serbenidorm.daliisolutions.com\/index.php\/wp-json\/wp\/v2\/comments?post=22210"}],"version-history":[{"count":0,"href":"https:\/\/serbenidorm.daliisolutions.com\/index.php\/wp-json\/wp\/v2\/posts\/22210\/revisions"}],"wp:featuredmedia":[{"embeddable":true,"href":"https:\/\/serbenidorm.daliisolutions.com\/index.php\/wp-json\/wp\/v2\/media\/22211"}],"wp:attachment":[{"href":"https:\/\/serbenidorm.daliisolutions.com\/index.php\/wp-json\/wp\/v2\/media?parent=22210"}],"wp:term":[{"taxonomy":"category","embeddable":true,"href":"https:\/\/serbenidorm.daliisolutions.com\/index.php\/wp-json\/wp\/v2\/categories?post=22210"},{"taxonomy":"post_tag","embeddable":true,"href":"https:\/\/serbenidorm.daliisolutions.com\/index.php\/wp-json\/wp\/v2\/tags?post=22210"}],"curies":[{"name":"wp","href":"https:\/\/api.w.org\/{rel}","templated":true}]}}