{"id":22212,"date":"2026-02-06T14:21:10","date_gmt":"2026-02-06T13:21:10","guid":{"rendered":"https:\/\/serbenidorm.daliisolutions.com\/index.php\/2026\/02\/06\/benidorm-conmemora-este-fin-de-semana-el-centenario-de-la-coronacion-de-su-patrona\/"},"modified":"2026-02-06T14:21:10","modified_gmt":"2026-02-06T13:21:10","slug":"benidorm-conmemora-este-fin-de-semana-el-centenario-de-la-coronacion-de-su-patrona","status":"publish","type":"post","link":"https:\/\/serbenidorm.daliisolutions.com\/index.php\/2026\/02\/06\/benidorm-conmemora-este-fin-de-semana-el-centenario-de-la-coronacion-de-su-patrona\/","title":{"rendered":"Benidorm conmemora este fin de semana el Centenario de la Coronaci\u00f3n de su patrona"},"content":{"rendered":" <p>El centenario de la coronaci\u00f3n de la Verge del Sofratge, patrona de Benidorm vive este fin de semana su punto \u00e1lgido con la celebraci\u00f3n de los \u00faltimos actos programados con motivo de esta efem\u00e9ride. Desde que el pasado 9 de diciembre se dio a conocer el cartel anunciador del Centenario y el himno compuesto para la ocasi\u00f3n, <a href=\"https:\/\/cadenaser.com\/tag\/benidorm\/a\/\" target=\"_blank\" rel=\"nofollow\" title=\"https:\/\/cadenaser.com\/tag\/benidorm\/a\/\">la ciudad ha vivido un gran n\u00famero de eventos como la muestra fotogr\u00e1fica dedicada a la Mare de D\u00e9u, la exposici\u00f3n del ajuar, el tapiz floral aleg\u00f3rico al Centenario en la fachada de San Jaime o el concierto extraordinario de las tres bandas de la ciudad<\/a>.<\/p>  <p>El fin de semana comenzar\u00e1 esta tarde a las 20 horas con en Encuentro y Vigilia de Oraci\u00f3n ante la talla original de la patrona, que recibir\u00e1 el amor de su pueblo desde el Altar Mayor.<\/p>  <p>Ma\u00f1ana s\u00e1bado se abrir\u00e1n las puertas de la iglesia de San Jaime a las 9 de la ma\u00f1ana y una hora despu\u00e9s se celebrar\u00e1 una eucarist\u00eda en honor a la Virgen. A las 10.30 se realizar\u00e1 la presentaci\u00f3n de los ni\u00f1os a Nuestra Se\u00f1ora del Sufragio y a mediod\u00eda se rezar\u00e1 el \u00c1ngelus. Ya por la tarde, a las 17 horas tendr\u00e1 lugar en rezo del Rosario en recuerdo de los difuntos de Benidorm y a las 18 horas se celebrar\u00e1 otra misa. A las 19, de nuevo otra eucarist\u00eda y al finalizar la misma se rezar\u00e1 la \u2018Sabatina\u2019 en honor a la patrona. Despu\u00e9s se regalar\u00e1 a la Virgen un peque\u00f1o broche en forma de corona para reafirmar el cari\u00f1o y la devoci\u00f3n de los benidormenses a los cien a\u00f1os de su proclamaci\u00f3n y coronaci\u00f3n como patrona. Acto seguido se trasladar\u00e1 a la Virgen hasta su camar\u00edn.<\/p>  <p>El domingo 8 comenzar\u00e1 a las 10 de la ma\u00f1ana con un bombardeo a\u00e9reo y a las 10.30 seguir\u00e1 con el traslado de la Virgen desde la parroquia hasta la plaza de SS. MM. Los Reyes de Espa\u00f1a. En ese trayecto ser\u00e1 portada a hombros en sus andas por los Marineros de la Virgen y acompa\u00f1ada por los sacerdotes de la ciudad, las Camareras de la Virgen, las autoridades y todo el pueblo de Benidorm al son de las marchas que interpretar\u00e1n las tres bandas musicales de la ciudad. El recorrido comenzar\u00e1 en la iglesia de San Jaime y discurrir\u00e1 por la calle Cosme Bayona, la plaza Leonor Canalejas, la avenida Virgen del Sufragio, Mart\u00ednez Alejos, calle Herrer\u00edas y la plaza de SS. MM. Los Reyes de Espa\u00f1a.<\/p>  <p>A las 11.30 dar\u00e1 comienzo la eucarist\u00eda de Acci\u00f3n de Gracias presidida por el obispo de la di\u00f3cesis Orihuela-Alicante, Jos\u00e9 Ignacio Munilla, y los sacerdotes de la ciudad. La misa ser\u00e1 cantada por la Agrupaci\u00f3n Coral de Benidorm y contar\u00e1 con la participaci\u00f3n de las tres bandas musicales. Tras la misma, a las 13 horas se har\u00e1 una romer\u00eda de regreso para acompa\u00f1ar a la Mare de D\u00e9u a su iglesia por la calle Herrer\u00edas, Alameda, calle Mayor y plaza de San Jaime. A la altura de la calle Alameda con Mayor, lugar exacto donde fue coronada en 1926, se descubrir\u00e1 un azulejo conmemorativo de la efem\u00e9ride. Los actos culminar\u00e1n a las 13.45 con el disparo de doce salvas de honor y un bombardeo a\u00e9reo junto con la interpretaci\u00f3n del himno nacional para despedir a la patrona en la puerta de la iglesia.<\/p> ","protected":false},"excerpt":{"rendered":"<p>Los actos concluir\u00e1n el domingo con una misa en la Plaza de SS MM Reyes de Espa\u00f1a y el descubrimiento de un azulejo conmemorativo de la efem\u00e9ride<\/p>\n","protected":false},"author":0,"featured_media":22213,"comment_status":"","ping_status":"open","sticky":false,"template":"","format":"standard","meta":{"_acf_changed":false,"footnotes":""},"categories":[1],"tags":[],"class_list":["post-22212","post","type-post","status-publish","format-standard","has-post-thumbnail","hentry","category-sin-categoria"],"acf":{"ser_id":"COMIVCR27VESPKQHPKIS23A3SE","ser_url":"https:\/\/cadenaser.com\/comunitat-valenciana\/2026\/02\/06\/benidorm-conmemora-este-fin-de-semana-el-centenario-de-la-coronacion-de-su-patrona-radio-benidorm\/"},"_links":{"self":[{"href":"https:\/\/serbenidorm.daliisolutions.com\/index.php\/wp-json\/wp\/v2\/posts\/22212","targetHints":{"allow":["GET"]}}],"collection":[{"href":"https:\/\/serbenidorm.daliisolutions.com\/index.php\/wp-json\/wp\/v2\/posts"}],"about":[{"href":"https:\/\/serbenidorm.daliisolutions.com\/index.php\/wp-json\/wp\/v2\/types\/post"}],"replies":[{"embeddable":true,"href":"https:\/\/serbenidorm.daliisolutions.com\/index.php\/wp-json\/wp\/v2\/comments?post=22212"}],"version-history":[{"count":0,"href":"https:\/\/serbenidorm.daliisolutions.com\/index.php\/wp-json\/wp\/v2\/posts\/22212\/revisions"}],"wp:featuredmedia":[{"embeddable":true,"href":"https:\/\/serbenidorm.daliisolutions.com\/index.php\/wp-json\/wp\/v2\/media\/22213"}],"wp:attachment":[{"href":"https:\/\/serbenidorm.daliisolutions.com\/index.php\/wp-json\/wp\/v2\/media?parent=22212"}],"wp:term":[{"taxonomy":"category","embeddable":true,"href":"https:\/\/serbenidorm.daliisolutions.com\/index.php\/wp-json\/wp\/v2\/categories?post=22212"},{"taxonomy":"post_tag","embeddable":true,"href":"https:\/\/serbenidorm.daliisolutions.com\/index.php\/wp-json\/wp\/v2\/tags?post=22212"}],"curies":[{"name":"wp","href":"https:\/\/api.w.org\/{rel}","templated":true}]}}