{"id":22227,"date":"2026-02-07T07:09:41","date_gmt":"2026-02-07T06:09:41","guid":{"rendered":"https:\/\/serbenidorm.daliisolutions.com\/index.php\/2026\/02\/07\/la-marina-baixa-advierte-sobre-la-falta-de-mantenimiento-de-sus-embalses-las-presas-cada-vez-estan-mas-colmatadas\/"},"modified":"2026-02-07T07:09:41","modified_gmt":"2026-02-07T06:09:41","slug":"la-marina-baixa-advierte-sobre-la-falta-de-mantenimiento-de-sus-embalses-las-presas-cada-vez-estan-mas-colmatadas","status":"publish","type":"post","link":"https:\/\/serbenidorm.daliisolutions.com\/index.php\/2026\/02\/07\/la-marina-baixa-advierte-sobre-la-falta-de-mantenimiento-de-sus-embalses-las-presas-cada-vez-estan-mas-colmatadas\/","title":{"rendered":"La Marina Baixa advierte sobre la falta de mantenimiento de sus embalses: \u00abLas presas cada vez est\u00e1n m\u00e1s colmatadas\u00bb"},"content":{"rendered":" <p>Las infraestructuras h\u00eddricas de la comarca muestran signos de obsolescencia tras d\u00e9cadas de funcionamiento sin reformas significativas. Jaime Berenguer, director del Consorcio de Aguas, ha explicado en <a href=\"https:\/\/cadenaser.com\/tag\/benidorm\/a\/\" target=\"_blank\" rel=\"nofollow\" title=\"https:\/\/cadenaser.com\/tag\/benidorm\/a\/\">La Ventana de la Marina Baixa<\/a> que los embalses de Guadalest y Amadorio, construidos en los a\u00f1os 50 y 60, presentan altos niveles de colmataci\u00f3n y mantenimiento insuficiente, lo que reduce progresivamente su capacidad de almacenamiento.<\/p>  <p>El desag\u00fce de fondo del embalse de Guadalest, pendiente de reparaci\u00f3n desde hace m\u00e1s de 40 a\u00f1os, sigue dificultando la gesti\u00f3n eficiente del agua. Berenguer ha advertido que, pese a las lluvias recientes, la Marina Baixa sigue dependiendo de aportes externos y de la compra de agua, cuyo coste ha superado los 15 millones de euros entre 2024 y 2025.<\/p>  <p>Adem\u00e1s, los caudales ecol\u00f3gicos impuestos por el gobierno central limitan a\u00fan m\u00e1s el aprovechamiento de los r\u00edos Guadalest y Amadorio, considerados ef\u00edmeros. Las autoridades locales siguen negociando cambios en el pr\u00f3ximo plan hidrol\u00f3gico para equilibrar el caudal ecol\u00f3gico con las necesidades de abastecimiento y regad\u00edo.<\/p>  <p>Para enfrentar futuras sequ\u00edas y el crecimiento urbano, el Consorcio ha proyectado la recuperaci\u00f3n de la peque\u00f1a desaladora de Terra M\u00edtica en los dos pr\u00f3ximos a\u00f1os y la construcci\u00f3n de una desaladora modular grande para la pr\u00f3xima d\u00e9cada. <\/p>  <p>Berenguer ha insistido en que la soluci\u00f3n requiere un doble eje: ampliar los embalses existentes y garantizar suministro mediante desalaci\u00f3n. <\/p> ","protected":false},"excerpt":{"rendered":"<p>La comarca es una de las pocas zonas de Espa\u00f1a que sigue en alerta por sequ\u00eda y no cuenta con ninguna planta desaladora<\/p>\n","protected":false},"author":0,"featured_media":22228,"comment_status":"","ping_status":"open","sticky":false,"template":"","format":"standard","meta":{"_acf_changed":false,"footnotes":""},"categories":[1],"tags":[],"class_list":["post-22227","post","type-post","status-publish","format-standard","has-post-thumbnail","hentry","category-sin-categoria"],"acf":{"ser_id":"2TS6VTET5VFHLP5FKAYNI63JIM","ser_url":"https:\/\/cadenaser.com\/comunitat-valenciana\/2026\/02\/06\/la-marina-baixa-advierte-sobre-la-falta-de-mantenimiento-de-sus-embalses-las-presas-cada-vez-estan-mas-colmatadas-radio-benidorm\/"},"_links":{"self":[{"href":"https:\/\/serbenidorm.daliisolutions.com\/index.php\/wp-json\/wp\/v2\/posts\/22227","targetHints":{"allow":["GET"]}}],"collection":[{"href":"https:\/\/serbenidorm.daliisolutions.com\/index.php\/wp-json\/wp\/v2\/posts"}],"about":[{"href":"https:\/\/serbenidorm.daliisolutions.com\/index.php\/wp-json\/wp\/v2\/types\/post"}],"replies":[{"embeddable":true,"href":"https:\/\/serbenidorm.daliisolutions.com\/index.php\/wp-json\/wp\/v2\/comments?post=22227"}],"version-history":[{"count":0,"href":"https:\/\/serbenidorm.daliisolutions.com\/index.php\/wp-json\/wp\/v2\/posts\/22227\/revisions"}],"wp:featuredmedia":[{"embeddable":true,"href":"https:\/\/serbenidorm.daliisolutions.com\/index.php\/wp-json\/wp\/v2\/media\/22228"}],"wp:attachment":[{"href":"https:\/\/serbenidorm.daliisolutions.com\/index.php\/wp-json\/wp\/v2\/media?parent=22227"}],"wp:term":[{"taxonomy":"category","embeddable":true,"href":"https:\/\/serbenidorm.daliisolutions.com\/index.php\/wp-json\/wp\/v2\/categories?post=22227"},{"taxonomy":"post_tag","embeddable":true,"href":"https:\/\/serbenidorm.daliisolutions.com\/index.php\/wp-json\/wp\/v2\/tags?post=22227"}],"curies":[{"name":"wp","href":"https:\/\/api.w.org\/{rel}","templated":true}]}}