{"id":22273,"date":"2026-02-09T12:12:55","date_gmt":"2026-02-09T11:12:55","guid":{"rendered":"https:\/\/serbenidorm.daliisolutions.com\/index.php\/2026\/02\/09\/una-mala-segunda-mitad-condena-al-huesitos-la-vila-en-madrid\/"},"modified":"2026-02-09T12:12:55","modified_gmt":"2026-02-09T11:12:55","slug":"una-mala-segunda-mitad-condena-al-huesitos-la-vila-en-madrid","status":"publish","type":"post","link":"https:\/\/serbenidorm.daliisolutions.com\/index.php\/2026\/02\/09\/una-mala-segunda-mitad-condena-al-huesitos-la-vila-en-madrid\/","title":{"rendered":"Una mala segunda mitad condena al Huesitos-La Vila en Madrid"},"content":{"rendered":" <p>El Huesitos-La Vila roz\u00f3 la gesta en el Estadio Nacional Complutense, donde este domingo disput\u00f3 ante el Cisneros la semifinal de la Copa del Rey, un encuentro que los de Hern\u00e1n \u2018Falu\u2019 Quirelli dejaron muy encarrilado (pero no sentenciado) en la primera mitad y que tras la reanudaci\u00f3n acabaron perdiendo por 39-21, qued\u00e1ndose as\u00ed a las puertas de disputar la que hubiese sido la segunda final copera de su historia.<\/p>  <p>Y eso que las cosas empezaron muy bien para el XV chocolatero, que en apenas un minuto de juego logr\u00f3 un primer ensayo m\u00e1s transformaci\u00f3n que colocaba un esperanzador 0-7 en el marcador. <\/p>  <p>Durante la primera mitad, los vileros dominaron el marcador dando una imagen muy mejorada respecto al choque liguero disputado en ese mismo escenario hace ahora dos semanas. Tanto es as\u00ed que cuando el \u00e1rbitro indic\u00f3 el camino de los vestuarios, el Huesitos-La Vila dominaba por 3-21 en el marcador, disparando el optimismo visitante.<\/p>  <p>Sin embargo, tras la reanudaci\u00f3n todo se torci\u00f3. El Cisneros no baj\u00f3 los brazos y en apenas 20 minutos de juego consigui\u00f3 darle la vuelta al marcador (22-21) con un mon\u00f3logo que finalmente llev\u00f3 el luminoso a ese 39-21 final.<\/p>  <p>El Huesitos-La Vila sigue, por lo tanto, con su particular crisis en lo que va de 2026. Ahora, los de \u2018Falu\u2019 deben centrarse en el tramo final de la fase regular de la liga, en cuya pen\u00faltima jornada, el pr\u00f3ximo fin de semana, afrontan su jornada de descanso antes de recibir en El Pantano al Liceo Franc\u00e9s el domingo 22 de febrero (12:30 horas) en un choque que, dependiendo siempre de los resultados que se produzcan en el resto de encuentros, estar\u00e1n obligados a ganar para poder meterse entre los seis primeros y, con ello, en el play-off por el t\u00edtulo.<\/p> ","protected":false},"excerpt":{"rendered":"<p>El XV chocolatero se queda a las puertas de disputar su segunda final de Copa<\/p>\n","protected":false},"author":0,"featured_media":22274,"comment_status":"","ping_status":"open","sticky":false,"template":"","format":"standard","meta":{"_acf_changed":false,"footnotes":""},"categories":[16],"tags":[],"class_list":["post-22273","post","type-post","status-publish","format-standard","has-post-thumbnail","hentry","category-deportes"],"acf":{"ser_id":"UFKZCIWU4ZCG3GOQO4AFFJGVJ4","ser_url":"https:\/\/cadenaser.com\/comunitat-valenciana\/2026\/02\/09\/una-mala-segunda-mitad-condena-al-huesitos-la-vila-en-madrid-radio-benidorm\/"},"_links":{"self":[{"href":"https:\/\/serbenidorm.daliisolutions.com\/index.php\/wp-json\/wp\/v2\/posts\/22273","targetHints":{"allow":["GET"]}}],"collection":[{"href":"https:\/\/serbenidorm.daliisolutions.com\/index.php\/wp-json\/wp\/v2\/posts"}],"about":[{"href":"https:\/\/serbenidorm.daliisolutions.com\/index.php\/wp-json\/wp\/v2\/types\/post"}],"replies":[{"embeddable":true,"href":"https:\/\/serbenidorm.daliisolutions.com\/index.php\/wp-json\/wp\/v2\/comments?post=22273"}],"version-history":[{"count":0,"href":"https:\/\/serbenidorm.daliisolutions.com\/index.php\/wp-json\/wp\/v2\/posts\/22273\/revisions"}],"wp:featuredmedia":[{"embeddable":true,"href":"https:\/\/serbenidorm.daliisolutions.com\/index.php\/wp-json\/wp\/v2\/media\/22274"}],"wp:attachment":[{"href":"https:\/\/serbenidorm.daliisolutions.com\/index.php\/wp-json\/wp\/v2\/media?parent=22273"}],"wp:term":[{"taxonomy":"category","embeddable":true,"href":"https:\/\/serbenidorm.daliisolutions.com\/index.php\/wp-json\/wp\/v2\/categories?post=22273"},{"taxonomy":"post_tag","embeddable":true,"href":"https:\/\/serbenidorm.daliisolutions.com\/index.php\/wp-json\/wp\/v2\/tags?post=22273"}],"curies":[{"name":"wp","href":"https:\/\/api.w.org\/{rel}","templated":true}]}}