{"id":22278,"date":"2026-02-09T12:33:15","date_gmt":"2026-02-09T11:33:15","guid":{"rendered":"https:\/\/serbenidorm.daliisolutions.com\/index.php\/2026\/02\/09\/el-sporting-la-nucia-sigue-su-idilio-con-la-victoria\/"},"modified":"2026-02-09T12:33:15","modified_gmt":"2026-02-09T11:33:15","slug":"el-sporting-la-nucia-sigue-su-idilio-con-la-victoria","status":"publish","type":"post","link":"https:\/\/serbenidorm.daliisolutions.com\/index.php\/2026\/02\/09\/el-sporting-la-nucia-sigue-su-idilio-con-la-victoria\/","title":{"rendered":"El Sporting La Nuc\u00eda sigue su idilio con la victoria"},"content":{"rendered":" <p>El Sporting La Nuc\u00eda ha llegado al tramo final de la fase regular de la competici\u00f3n en un gran estado de forma despu\u00e9s de que todas las piezas del cambio generacional acometido esta temporada hayan terminado ya de encajar y el equipo de David \u2018Dada\u2019 Valverde se haya convertido en uno de los mejores cuadros de su categor\u00eda.<\/p>  <p>As\u00ed qued\u00f3 demostrado, una semana m\u00e1s, tras la victoria conseguida por los rojillos por 3-2 ante el Bargas en el Camilo Cano, una victoria clave frente a un rival directo de la zona alta de la clasificaci\u00f3n y que convierten estos tres puntos en un aut\u00e9ntico tesoro.<\/p>  <p>Tras esta nueva alegr\u00eda, el Sporting La Nuc\u00eda acumula ya ocho partidos sin conocer la derrota (cinco victorias y tres empates) habiendo sumado 18 de los 24 puntos posibles en ese mismo periodo de tiempo.<\/p>  <p>Con ello, los de \u2018Dada\u2019 se han colocado en la sexta posici\u00f3n de la clasificaci\u00f3n a un solo punto de meterse en la zona del play-off de ascenso, objetivo \u00faltimo de los rojillos en las diez jornadas que restan.<\/p> ","protected":false},"excerpt":{"rendered":"<p>Los de David Valverde se imponen al Bargas y rozan ya la zona de play-off<\/p>\n","protected":false},"author":0,"featured_media":22279,"comment_status":"","ping_status":"open","sticky":false,"template":"","format":"standard","meta":{"_acf_changed":false,"footnotes":""},"categories":[16],"tags":[],"class_list":["post-22278","post","type-post","status-publish","format-standard","has-post-thumbnail","hentry","category-deportes"],"acf":{"ser_id":"O24HF6S5AJCRVBJUR6WUNOFEIU","ser_url":"https:\/\/cadenaser.com\/comunitat-valenciana\/2026\/02\/09\/el-sporting-la-nucia-sigue-su-idilio-con-la-victoria-radio-benidorm\/"},"_links":{"self":[{"href":"https:\/\/serbenidorm.daliisolutions.com\/index.php\/wp-json\/wp\/v2\/posts\/22278","targetHints":{"allow":["GET"]}}],"collection":[{"href":"https:\/\/serbenidorm.daliisolutions.com\/index.php\/wp-json\/wp\/v2\/posts"}],"about":[{"href":"https:\/\/serbenidorm.daliisolutions.com\/index.php\/wp-json\/wp\/v2\/types\/post"}],"replies":[{"embeddable":true,"href":"https:\/\/serbenidorm.daliisolutions.com\/index.php\/wp-json\/wp\/v2\/comments?post=22278"}],"version-history":[{"count":0,"href":"https:\/\/serbenidorm.daliisolutions.com\/index.php\/wp-json\/wp\/v2\/posts\/22278\/revisions"}],"wp:featuredmedia":[{"embeddable":true,"href":"https:\/\/serbenidorm.daliisolutions.com\/index.php\/wp-json\/wp\/v2\/media\/22279"}],"wp:attachment":[{"href":"https:\/\/serbenidorm.daliisolutions.com\/index.php\/wp-json\/wp\/v2\/media?parent=22278"}],"wp:term":[{"taxonomy":"category","embeddable":true,"href":"https:\/\/serbenidorm.daliisolutions.com\/index.php\/wp-json\/wp\/v2\/categories?post=22278"},{"taxonomy":"post_tag","embeddable":true,"href":"https:\/\/serbenidorm.daliisolutions.com\/index.php\/wp-json\/wp\/v2\/tags?post=22278"}],"curies":[{"name":"wp","href":"https:\/\/api.w.org\/{rel}","templated":true}]}}