{"id":22280,"date":"2026-02-09T13:01:49","date_gmt":"2026-02-09T12:01:49","guid":{"rendered":"https:\/\/serbenidorm.daliisolutions.com\/index.php\/2026\/02\/09\/felipe-orts-se-abona-al-podio-y-rebecca-henderson-y-max-brandl-triunfan-en-la-nucia\/"},"modified":"2026-02-09T13:01:49","modified_gmt":"2026-02-09T12:01:49","slug":"felipe-orts-se-abona-al-podio-y-rebecca-henderson-y-max-brandl-triunfan-en-la-nucia","status":"publish","type":"post","link":"https:\/\/serbenidorm.daliisolutions.com\/index.php\/2026\/02\/09\/felipe-orts-se-abona-al-podio-y-rebecca-henderson-y-max-brandl-triunfan-en-la-nucia\/","title":{"rendered":"Felipe Orts se abona al podio y Rebecca Henderson y Max Brandl triunfan en La Nuc\u00eda"},"content":{"rendered":" <p>La quinta edici\u00f3n de la Shimano Super Cup Massi MTB XCO de La Nuc\u00eda volvi\u00f3 a situar a la localidad de la Marina Baixa en el epicentro internacional del mountain bike. La australiana Rebecca Henderson (Orbea Fox Factory Team) y el alem\u00e1n Maximilian Brandl (selecci\u00f3n nacional de Alemania) se proclamaron vencedores en las pruebas \u00e9lite femenina y masculina, en un intenso fin de semana que bati\u00f3 todos los r\u00e9cords de participaci\u00f3n.<\/p>  <p>M\u00e1s de 700 ciclistas procedentes de 30 pa\u00edses se dieron cita en La Nuc\u00eda para inaugurar el calendario de este prestigioso circuito internacional UCI C1, con competiciones en todas las categor\u00edas y un ambiente propio de una prueba de Copa del Mundo. El mejor espa\u00f1ol clasificado fue Jofre Cullell (BH Coloma Team), que finaliz\u00f3 en quinta posici\u00f3n en la carrera \u00e9lite masculina.<\/p>  <p>La carrera \u00e9lite femenina estuvo marcada por una meteorolog\u00eda cambiante, con cielo cubierto y lluvia intermitente. La italiana Chiara Teocchi (BH Coloma Team) tom\u00f3 el mando en las primeras vueltas, empujada por el numeroso p\u00fablico concentrado en el circuito. A mitad de prueba, las estadounidenses Gwendalyn Gibson y Kelsey Urban alcanzaron la cabeza, mientras por detr\u00e1s Rebecca Henderson comenzaba su remontada.<\/p>  <p>En la \u00faltima vuelta, la campeona australiana impuso su experiencia y se march\u00f3 en solitario para cruzar la meta en primera posici\u00f3n, logrando as\u00ed resarcirse de la segunda plaza obtenida en 2025. Kelsey Urban fue segunda a siete segundos y Gwendalyn Gibson tercera, a 17 segundos. Teocchi finaliz\u00f3 cuarta y cerr\u00f3 el top cinco la canadiense Jennifer Jackson, pese a sufrir una ca\u00edda.<\/p>  <p>Con un sol radiante se disput\u00f3 la prueba \u00e9lite masculina, que arranc\u00f3 a un ritmo alt\u00edsimo con Sebastian Fini (Mondraker Factory Team) liderando los primeros compases. El brasile\u00f1o Ulan Bastos (BH Coloma Team) endureci\u00f3 la carrera y seleccion\u00f3 un grupo en el que tambi\u00e9n se manten\u00eda Jofre Cullell.<\/p>  <p>La decisi\u00f3n lleg\u00f3 en la \u00faltima vuelta, en la exigente subida del circuito, cuando el campe\u00f3n estadounidense Amos Riley lanz\u00f3 el ataque definitivo que dej\u00f3 en cabeza a un tr\u00edo formado por Riley, Fini y Brandl. Todo se resolvi\u00f3 en la recta de meta, con un apretad\u00edsimo sprint en el que el alem\u00e1n Brandl se impuso con un tiempo de 1h12:42, aventajando a Fini en solo 46 cent\u00e9simas y a Riley en una m\u00e1s, en un final de aut\u00e9ntico photo finish.<\/p>  <p>Completaron el top cinco Ulan Bastos, cuarto, y Jofre Cullell, quinto, ambos del BH Coloma Team y los m\u00e1s ovacionados por el p\u00fablico local.<\/p>  <p>Lejos de la Marina Baixa, en la localidad belga de Lille, Felipe Orts afront\u00f3 el domingo su antepen\u00faltima carrera de la temporada, una cita en la que el ciclista vilero se subi\u00f3 al segundo caj\u00f3n del podio despu\u00e9s de haber rodado durante la mayor parte de la prueba en cabeza junto al belga Niels Vandeputte, vencedor final.<\/p>  <p>La dupla hispanobelga se march\u00f3 por delante ya en los primeros compases de la competici\u00f3n, dejando muy atr\u00e1s Michael Vanthourenthout, tercero al final.<\/p>  <p>Todo ello, s\u00f3lo 24 horas despu\u00e9s de otra gran carrera, en ese caso en Middelkerke, donde Orts pag\u00f3 una mala salida terminando cuarto.<\/p> ","protected":false},"excerpt":{"rendered":"<p>El XCO Internacional nuciero vuelve a ser un \u00e9xito deportivo y de p\u00fablico<\/p>\n","protected":false},"author":0,"featured_media":22281,"comment_status":"","ping_status":"open","sticky":false,"template":"","format":"standard","meta":{"_acf_changed":false,"footnotes":""},"categories":[16],"tags":[],"class_list":["post-22280","post","type-post","status-publish","format-standard","has-post-thumbnail","hentry","category-deportes"],"acf":{"ser_id":"6GCMQOCBMFAHJFNKXUNYKOMLCU","ser_url":"https:\/\/cadenaser.com\/comunitat-valenciana\/2026\/02\/09\/felipe-orts-se-abona-al-podio-y-rebecca-henderson-y-max-brandl-triunfan-en-la-nucia-radio-benidorm\/"},"_links":{"self":[{"href":"https:\/\/serbenidorm.daliisolutions.com\/index.php\/wp-json\/wp\/v2\/posts\/22280","targetHints":{"allow":["GET"]}}],"collection":[{"href":"https:\/\/serbenidorm.daliisolutions.com\/index.php\/wp-json\/wp\/v2\/posts"}],"about":[{"href":"https:\/\/serbenidorm.daliisolutions.com\/index.php\/wp-json\/wp\/v2\/types\/post"}],"replies":[{"embeddable":true,"href":"https:\/\/serbenidorm.daliisolutions.com\/index.php\/wp-json\/wp\/v2\/comments?post=22280"}],"version-history":[{"count":0,"href":"https:\/\/serbenidorm.daliisolutions.com\/index.php\/wp-json\/wp\/v2\/posts\/22280\/revisions"}],"wp:featuredmedia":[{"embeddable":true,"href":"https:\/\/serbenidorm.daliisolutions.com\/index.php\/wp-json\/wp\/v2\/media\/22281"}],"wp:attachment":[{"href":"https:\/\/serbenidorm.daliisolutions.com\/index.php\/wp-json\/wp\/v2\/media?parent=22280"}],"wp:term":[{"taxonomy":"category","embeddable":true,"href":"https:\/\/serbenidorm.daliisolutions.com\/index.php\/wp-json\/wp\/v2\/categories?post=22280"},{"taxonomy":"post_tag","embeddable":true,"href":"https:\/\/serbenidorm.daliisolutions.com\/index.php\/wp-json\/wp\/v2\/tags?post=22280"}],"curies":[{"name":"wp","href":"https:\/\/api.w.org\/{rel}","templated":true}]}}