{"id":22282,"date":"2026-02-09T14:19:56","date_gmt":"2026-02-09T13:19:56","guid":{"rendered":"https:\/\/serbenidorm.daliisolutions.com\/index.php\/2026\/02\/09\/un-colegio-de-benidorm-cierra-el-comedor-por-seguridad\/"},"modified":"2026-02-09T14:19:56","modified_gmt":"2026-02-09T13:19:56","slug":"un-colegio-de-benidorm-cierra-el-comedor-por-seguridad","status":"publish","type":"post","link":"https:\/\/serbenidorm.daliisolutions.com\/index.php\/2026\/02\/09\/un-colegio-de-benidorm-cierra-el-comedor-por-seguridad\/","title":{"rendered":"Un colegio de Benidorm cierra el comedor por seguridad"},"content":{"rendered":" <p>El PSOE, principal grupo de la oposici\u00f3n en el Ayuntamiento de Benidorm, ha denunciado la situaci\u00f3n que atraviesa el CEIP Vasco N\u00fa\u00f1ez de Balboa. Los desperfectos que han aparecido en el techo, como ha confirmado la direcci\u00f3n del colegio, han llevado a reorganizar el servicio de comedor, que se lleva prestando una semana en pasillos y aulas. Situaci\u00f3n que se va a prolongar, indican tambi\u00e9n desde el centro, mientras se desarrollen las obras para reparar la cubierta.<\/p>  <p>Los socialistas han recordado por su parte que el centro data de 1975 y califican el escenario de <a href=\"https:\/\/cadenaser.com\/tag\/benidorm\/a\/\" target=\"_blank\" rel=\"nofollow\" title=\"https:\/\/cadenaser.com\/tag\/benidorm\/a\/\">\u201cl\u00edmite y tercermundista\u201d<\/a>, advirtiendo de que se ha puesto en riesgo la seguridad del alumnado y del personal docente al no actuar a tiempo sobre unas instalaciones envejecidas.<\/p>  <p>El portavoz adjunto del PSOE, Sergi Castillo, ha se\u00f1alado que la imagen de menores comiendo entre pupitres ha sido consecuencia directa de la desidia de los gobiernos del PP: \u00abLa falta de mantenimiento preventivo en nuestros colegios es una constante, pero en el Vasco N\u00fa\u00f1ez de Balboa se ha cruzado una l\u00ednea roja\u00bb.<\/p>  <p>Castillo ha recordado que la reforma integral del Vasco N\u00fa\u00f1ez de Balboa se hab\u00eda incluido en el Pla Edificant y que en enero de 2024 existi\u00f3 un compromiso de la Generalitat para llevarla a cabo. Sin embargo, ha lamentado que el Ayuntamiento no haya agilizado el proyecto ni haya exigido a la administraci\u00f3n auton\u00f3mica que consignara el presupuesto necesario para iniciar las obras.<\/p>  <p>Desde las filas socialistas han anunciado que va a solicitar los informes t\u00e9cnicos municipales para conocer el alcance real de los da\u00f1os y ha avanzado que llevar\u00e1 el asunto a Les Corts. Los diputados auton\u00f3micos socialistas van a reclamar que el Consell atienda las demandas de la comunidad educativa y ejecute la reforma del centro, adem\u00e1s de desbloquear las obras pendientes en el colegio Ausi\u00e0s March, cuyo inicio se va a exigir de forma inmediata.<\/p> ","protected":false},"excerpt":{"rendered":"<p>El PSOE denuncia que los alumnos tienen que comer en pasillos y aulas<\/p>\n","protected":false},"author":0,"featured_media":22283,"comment_status":"","ping_status":"open","sticky":false,"template":"","format":"standard","meta":{"_acf_changed":false,"footnotes":""},"categories":[1],"tags":[],"class_list":["post-22282","post","type-post","status-publish","format-standard","has-post-thumbnail","hentry","category-sin-categoria"],"acf":{"ser_id":"2P23OTQRIFFLPBRNVJGLNBBFMA","ser_url":"https:\/\/cadenaser.com\/comunitat-valenciana\/2026\/02\/09\/un-colegio-de-benidorm-cierra-el-comedor-por-seguridad-radio-benidorm\/"},"_links":{"self":[{"href":"https:\/\/serbenidorm.daliisolutions.com\/index.php\/wp-json\/wp\/v2\/posts\/22282","targetHints":{"allow":["GET"]}}],"collection":[{"href":"https:\/\/serbenidorm.daliisolutions.com\/index.php\/wp-json\/wp\/v2\/posts"}],"about":[{"href":"https:\/\/serbenidorm.daliisolutions.com\/index.php\/wp-json\/wp\/v2\/types\/post"}],"replies":[{"embeddable":true,"href":"https:\/\/serbenidorm.daliisolutions.com\/index.php\/wp-json\/wp\/v2\/comments?post=22282"}],"version-history":[{"count":0,"href":"https:\/\/serbenidorm.daliisolutions.com\/index.php\/wp-json\/wp\/v2\/posts\/22282\/revisions"}],"wp:featuredmedia":[{"embeddable":true,"href":"https:\/\/serbenidorm.daliisolutions.com\/index.php\/wp-json\/wp\/v2\/media\/22283"}],"wp:attachment":[{"href":"https:\/\/serbenidorm.daliisolutions.com\/index.php\/wp-json\/wp\/v2\/media?parent=22282"}],"wp:term":[{"taxonomy":"category","embeddable":true,"href":"https:\/\/serbenidorm.daliisolutions.com\/index.php\/wp-json\/wp\/v2\/categories?post=22282"},{"taxonomy":"post_tag","embeddable":true,"href":"https:\/\/serbenidorm.daliisolutions.com\/index.php\/wp-json\/wp\/v2\/tags?post=22282"}],"curies":[{"name":"wp","href":"https:\/\/api.w.org\/{rel}","templated":true}]}}