{"id":2229,"date":"2024-02-09T15:31:26","date_gmt":"2024-02-09T14:31:26","guid":{"rendered":"https:\/\/serbenidorm.daliisolutions.com\/index.php\/2024\/02\/09\/el-consorci-mare-aprueba-un-presupuesto-de-247-millones-y-gestionara-el-ecoparque-de-benidorm\/"},"modified":"2024-02-09T15:31:26","modified_gmt":"2024-02-09T14:31:26","slug":"el-consorci-mare-aprueba-un-presupuesto-de-247-millones-y-gestionara-el-ecoparque-de-benidorm","status":"publish","type":"post","link":"https:\/\/serbenidorm.daliisolutions.com\/index.php\/2024\/02\/09\/el-consorci-mare-aprueba-un-presupuesto-de-247-millones-y-gestionara-el-ecoparque-de-benidorm\/","title":{"rendered":"El Consorci Mare aprueba un presupuesto de 24,7 millones y gestionar\u00e1 el ecoparque de Benidorm"},"content":{"rendered":"  <p>Benidorm<\/p>   <p>El consorcio que gestiona los <a href=\"https:\/\/cadenaser.com\/tag\/comarca_la_marina_baixa\/a\/\" target=\"_blank\" rel=\"noopener\">residuos urbanos de la Marina Baixa, Marina Alta y El Campello<\/a> ha aprobado un presupuesto  para este ejercicio con una previsi\u00f3n de ingresos y gastos de 24,7 millones de euros.<\/p>   <p>Desde el a\u00f1o 2022 el Consorci Mare no aprobaba presupuesto y en este caso el documento ha salido adelante sin votos en contra. \u00danicamente se han abstenido diez de las 52 localidades que forman parte del consorcio, el resto ha votado a favor.<\/p>   <p>El  presupuesto, que equilibra ingresos y gastos, se incrementa un 12,19% m\u00e1s con respecto a los anteriores, seg\u00fan fuentes  del consorcio \u201ccomo consecuencia del aumento generalizado de los costes energ\u00e9ticos o el IPC, as\u00ed como de los cr\u00e9ditos necesarios para amortizar los 25 millones invertidos en la renovaci\u00f3n de la planta de El Campello\u201d.<\/p>  <p><p>M\u00e1s informaci\u00f3n<\/p><figure><img decoding=\"async\" src=\"https:\/\/cadenaser.com\/resizer\/C5aNTLDcG_eTam2BCR4E66M5vGU=\/650x366\/filters:quality(70)\/cloudfront-eu-central-1.images.arcpublishing.com\/prisaradio\/YWJV3RZZORGHBNCCJEUDG53OIM.jpg\" loading=\"lazy\" width=\"828\" height=\"621\" \/><\/figure><ul><li><a href=\"https:\/\/cadenaser.com\/comunitat-valenciana\/2024\/01\/29\/consorci-mare-habilitara-dos-eco-parques-moviles-con-educadores-ambientales-para-las-dos-marinas-radio-benidorm\/\">Consorci Mare habilitar\u00e1 dos eco parques m\u00f3viles con educadores ambientales para las dos Marinas<\/a><\/li><\/ul><\/p>   <p>El 96,96% de los gastos previstos, hasta 23,9 millones, se empelar\u00e1n en pagar los servicios que presta el consorcio. En este caso el gasto sube un 13,76% en comparaci\u00f3n con las anteriores cuentas aprobadas.<\/p>   <p>Otro mill\u00f3n y medio de euros se dedicar\u00e1 a poner en marcha el servicio de ecoparques. El consorcio gestionar\u00e1 los ecoparques  fijos de Benidorm en la Marina Baixa y de Pedreguer en la Marina Alta, cedidos recientemente por sus respectivos ayuntamientos. Adem\u00e1s se  ampl\u00eda el servicio de ecoparques m\u00f3viles para abarcar a los 52  municipios consorciados. Anteriormente solo llegaba a 16 localidades.<\/p>   <p>Aumento de la flota<\/p>   <p>En este sentido el presidente del Cosorci Mare, Jos\u00e9 Ram\u00f3n Gonz\u00e1lez de  Z\u00e1rate, ha indicado que \u201cest\u00e1 previsto incrementar el n\u00famero de veh\u00edculos de uno que hab\u00eda hasta ahora a un total de cuatro para poder llegar a todos los ciudadanos y mejorar la recogida selectiva y la gesti\u00f3n de los distintos tipos de residuos\u201d.<\/p>   <p>Asimismo asegura que \u201cse han estudiado f\u00f3rmulas que puedan paliar la subida de canon que se producir\u00eda en 2024, ya no  solo como consecuencia de la recepci\u00f3n definitiva de las modificaciones introducidas en la Planta de Tratamiento con la aprobaci\u00f3n del modificado de proyecto de gesti\u00f3n, sino tambi\u00e9n como consecuencia del efecto amplificador de las revisiones de precios y las actualizaciones de las amortizaciones acometidas\u201d.<\/p>  <p><p class=\"tit\"><span>Hora 14 Benidorm (09\/02\/2024)<\/span><\/p> <p class=\"emb\"><iframe loading=\"lazy\" src=\"https:\/\/cadenaser.com\/embed\/audio\/460\/cadenaser_benidorm_hora14benidorm_20240209_141700_143000\/\" width=\"100%\" height=\"360\" frameborder=\"0\" allowfullscreen><\/iframe><\/p><\/p>   <p>Entre estas medidas, se ha acordado ampliar el plazo de concesi\u00f3n de la Planta de Tratamiento por un periodo de tres a\u00f1os. Esta ampliaci\u00f3n permitir\u00e1 una rebaja en el canon de 2 euros por tonelada\u00a0para las 235.000 toneladas estimadas en 2024.<\/p>   <p>Tambi\u00e9n se propone la ampliaci\u00f3n del per\u00edodo de amortizaci\u00f3n de las inversiones restantes del proyecto inicial de las  instalaciones. As\u00ed el per\u00edodo restante para devolver la amortizaci\u00f3n ser\u00eda de 10 a\u00f1os, en lugar de 7.<\/p>   <p>Con estas medidas, seg\u00fan Gonz\u00e1lez de Z\u00e1rate, se ha conseguido suavizar la subida de canon para este a\u00f1o, que ser\u00e1 finalmente de 87,00 euros por tonelada m\u00e1s el 10% de IVA en lugar de 93,10 euros m\u00e1s IVA.<\/p>   <p>El Consorci Mare, abarca el plan zonal de residuos 6, \u00e1rea de gesti\u00f3n A1, que gestiona los residuos urbanos de los 52  municipios que abarcan las comarcas de la Marina Alta y de la Marina  Baja, junto con el municipio de El Campello, de la comarca del L&#8217;Alacant\u00ed.<\/p> ","protected":false},"excerpt":{"rendered":"<p>Presupuesto para gestionar los residuos de las Marinas y El Campello <\/p>\n","protected":false},"author":0,"featured_media":2230,"comment_status":"open","ping_status":"open","sticky":false,"template":"","format":"standard","meta":{"_acf_changed":false,"footnotes":""},"categories":[1],"tags":[],"class_list":["post-2229","post","type-post","status-publish","format-standard","has-post-thumbnail","hentry","category-sin-categoria"],"acf":{"ser_id":"GURUEO2S6BF3LNWEJM6S2R5R4Y","ser_url":"https:\/\/cadenaser.com\/comunitat-valenciana\/2024\/02\/09\/el-consorci-mare-aprueba-un-presupuesto-de-247-millones-y-gestionara-el-ecoparque-de-benidorm-radio-benidorm\/"},"_links":{"self":[{"href":"https:\/\/serbenidorm.daliisolutions.com\/index.php\/wp-json\/wp\/v2\/posts\/2229","targetHints":{"allow":["GET"]}}],"collection":[{"href":"https:\/\/serbenidorm.daliisolutions.com\/index.php\/wp-json\/wp\/v2\/posts"}],"about":[{"href":"https:\/\/serbenidorm.daliisolutions.com\/index.php\/wp-json\/wp\/v2\/types\/post"}],"replies":[{"embeddable":true,"href":"https:\/\/serbenidorm.daliisolutions.com\/index.php\/wp-json\/wp\/v2\/comments?post=2229"}],"version-history":[{"count":0,"href":"https:\/\/serbenidorm.daliisolutions.com\/index.php\/wp-json\/wp\/v2\/posts\/2229\/revisions"}],"wp:featuredmedia":[{"embeddable":true,"href":"https:\/\/serbenidorm.daliisolutions.com\/index.php\/wp-json\/wp\/v2\/media\/2230"}],"wp:attachment":[{"href":"https:\/\/serbenidorm.daliisolutions.com\/index.php\/wp-json\/wp\/v2\/media?parent=2229"}],"wp:term":[{"taxonomy":"category","embeddable":true,"href":"https:\/\/serbenidorm.daliisolutions.com\/index.php\/wp-json\/wp\/v2\/categories?post=2229"},{"taxonomy":"post_tag","embeddable":true,"href":"https:\/\/serbenidorm.daliisolutions.com\/index.php\/wp-json\/wp\/v2\/tags?post=2229"}],"curies":[{"name":"wp","href":"https:\/\/api.w.org\/{rel}","templated":true}]}}