{"id":22295,"date":"2026-02-09T20:58:10","date_gmt":"2026-02-09T19:58:10","guid":{"rendered":"https:\/\/serbenidorm.daliisolutions.com\/index.php\/2026\/02\/09\/vuelve-la-guia-foc-los-consejos-de-dos-expertos-en-el-benidorm-fest-para-no-perderse-nada\/"},"modified":"2026-02-09T20:58:10","modified_gmt":"2026-02-09T19:58:10","slug":"vuelve-la-guia-foc-los-consejos-de-dos-expertos-en-el-benidorm-fest-para-no-perderse-nada","status":"publish","type":"post","link":"https:\/\/serbenidorm.daliisolutions.com\/index.php\/2026\/02\/09\/vuelve-la-guia-foc-los-consejos-de-dos-expertos-en-el-benidorm-fest-para-no-perderse-nada\/","title":{"rendered":"Vuelve la Gu\u00eda FOC: los consejos de dos expertos en el Benidorm Fest para no perderse nada"},"content":{"rendered":" <p>Los periodistas especializados In\u00e9s Luj\u00e1n y Luis Fuster han publicado la edici\u00f3n 2026 de la primera gu\u00eda local del Benidorm Fest, la Gu\u00eda FOC. En ella dan a conocer<a href=\"https:\/\/cadenaser.com\/tag\/benidorm\/a\/\" target=\"_blank\" rel=\"nofollow\" title=\"https:\/\/cadenaser.com\/tag\/benidorm\/a\/\"> los secretos mejor guardados de Benidorm a los eurofans y visitantes que se desplacen durante la semana a trav\u00e9s de recomendaciones y un mapa interactivo<\/a>. Tambi\u00e9n buscan servir de puente entre la ciudad y este grupo de visitantes que tiene mucho potencial.<\/p>  <p>Con el objetivo de \u201cllenar un hueco\u201d que echaban en falta, estos dos apasionados de Benidorm y del Benidorm Fest se lanzaron hace dos a\u00f1os a sintetizar en unas cu\u00e1ntas p\u00e1ginas los mejores lugares de la ciudad y \u2018tips\u2019 para vivir y visitar la ciudad. En 2026, la Gu\u00eda tiene como motivo \u2018Volver a Benidorm\u2019. La Gu\u00eda Foc de Benidorm se puede consultar<a href=\"https:\/\/linktr.ee\/foc.en\" target=\"_blank\" rel=\"nofollow\"> <\/a><a href=\"https:\/\/drive.google.com\/file\/d\/1vHsNmEcrBfJ4r8jYLSFOlYlRwlm5eoEf\/view?usp=drive_link\" target=\"_blank\" rel=\"nofollow\"><u>aqu\u00ed<\/u><\/a>.<\/p>  <p> Mediante una serie de recomendaciones y un mapa interactivo, la Gu\u00eda Foc de Benidorm a\u00fana las mejores claves de la vida en Benidorm y lo que m\u00e1s les interesa a los fans del festival. Se detallan los mejores sitios para desayunar, comer, beber, salir de fiesta y los lugares que visitan los fans. Desde el mirador del Paseo Tamarindos con el trofeo del Benidorm Fest hasta el lugar desde donde se dan los puntos de Espa\u00f1a en Eurovisi\u00f3n.<\/p>  <p>La Gu\u00eda Foc se basa tanto en su conocimiento de la ciudad, de la que son asiduos desde hace m\u00e1s de 10 a\u00f1os; el haber estado ejerciendo de \u201canfitriones\u201d a muchos fans de Eurovisi\u00f3n desde el primer Benidorm Fest y su experiencia tanto en festivales de este tipo como en cobertura de eventos.<\/p>  <p>Este a\u00f1o, adem\u00e1s, el Benidorm Fest es el motivo principal de Luj\u00e1n y Fuster para volver a Benidorm, ya que ambos residen en Bruselas desde hace unos meses. \u201cTras unos meses fuera, las ganas de recuperar el tiempo perdido en Benidorm son m\u00e1s grandes que nunca, sabemos lo que tiene que ofrecer la ciudad y queremos que los fans vengan con la misma ilusi\u00f3n que nosotros\u201d, explica Fuster<\/p>  <p>\u201cEn 2024 nos dimos cuenta que la gente iba a ver la gala y a la fiesta posterior, pero no sab\u00edan muy bien qu\u00e9 hacer fuera del Palau L&#8217;Illa\u00bb, explica Luj\u00e1n. \u201cEste a\u00f1o adem\u00e1s hemos querido crear recorridos tem\u00e1ticos por la ciudad, para que todas las personas que nos acompa\u00f1en estos d\u00edas le saquen el m\u00e1ximo partido a Benidorm como hacemos los locales\u201d. \u201cMucha gente nos preguntaba por d\u00f3nde ir, d\u00f3nde comer arroz, c\u00f3mo se va al Palau y al final, hemos decidido que es mejor que esta informaci\u00f3n est\u00e9 publicada en una gu\u00eda como FOC, para que nadie se quede sin vivir Benidorm al m\u00e1ximo por no saber c\u00f3mo hacerlo\u201d, a\u00f1ade Fuster.<\/p>  <p>Otro de los objetivos de la Gu\u00eda Foc es servir de puente para que el tejido local de Benidorm tambi\u00e9n abrace de la mejor manera a los fans que visitan. Ambos coinciden en que el Benidorm Fest es un evento ya asentado en el calendario y que contin\u00faa en desarrollo constante, y consideran que la ra\u00edz de su \u00e9xito estar\u00e1 en el \u201cflechazo\u201d entre Benidorm y los fans. As\u00ed, buscan ayudar a que locales y administraciones tengan herramientas para conquistar a los fans del festival y que los eurofans hagan totalmente suya Benidorm.<\/p>  <p>Con este nombre tan nuestro, In\u00e9s Luj\u00e1n y Luis Fuster pusieron en marcha FOC en 2024, cuyo proyecto emblem\u00e1tico es esta Gu\u00eda para el Benidorm Fest, que este a\u00f1o vuelve con la tercera edici\u00f3n. En 2024 fue un \u00e9xito total con m\u00e1s de 23.000 visitas en el mapa interactivo de la ciudad y una gu\u00eda actualizada para ese mismo verano. El proyecto naci\u00f3 de su pasi\u00f3n com\u00fan por la comunicaci\u00f3n, la visi\u00f3n europea y una profunda devoci\u00f3n a la m\u00fasica en directo y su impacto en la ciudad de Benidorm. <\/p>  <p>In\u00e9s Luj\u00e1n es periodista especializada en comunicaci\u00f3n para empresas y organizaciones sin \u00e1nimo de lucro a nivel europeo y ha trabajado en creaci\u00f3n y potenciaci\u00f3n de marcas, su identidad visual y su estrategia. Durante m\u00e1s de siete a\u00f1os fue colaboradora sobre m\u00fasica y cultura en la revista &#8216;Agenda Urbana&#8217; en Val\u00e8ncia y actualmente trabaja en comunicaci\u00f3n y gesti\u00f3n de proyectos con impacto ambiental en la Uni\u00f3n Europea. <\/p>  <p>Luis Fuster es periodista de agencia y public\u00f3 durante nueve a\u00f1os en la web especializada en Eurovisi\u00f3n &#8216;wiwibloggs&#8217;. Con gran presencia en redes sociales, ha cubierto en vivo seis festivales de Eurovisi\u00f3n para Europa Press y este ser\u00e1 su quinto Benidorm Fest. Desde 2024, trabaja para las televisiones p\u00fablicas europeas en un proyecto de intercambio de reportajes radicado en Bruselas. <\/p> ","protected":false},"excerpt":{"rendered":"<p>Los periodistas y voces del festival en Radio Benidorm In\u00e9s Luj\u00e1n y Luis Fuster hacen de \u00abanfitriones\u00bb para los fans que quieren descubrir la ciudad<\/p>\n","protected":false},"author":0,"featured_media":22296,"comment_status":"","ping_status":"open","sticky":false,"template":"","format":"standard","meta":{"_acf_changed":false,"footnotes":""},"categories":[1],"tags":[],"class_list":["post-22295","post","type-post","status-publish","format-standard","has-post-thumbnail","hentry","category-sin-categoria"],"acf":{"ser_id":"57JPJFC36VE4TCU3RMR6VOERFU","ser_url":"https:\/\/cadenaser.com\/comunitat-valenciana\/2026\/02\/09\/vuelve-la-guia-foc-los-consejos-de-dos-expertos-en-el-benidorm-fest-para-no-perderse-nada-radio-benidorm\/"},"_links":{"self":[{"href":"https:\/\/serbenidorm.daliisolutions.com\/index.php\/wp-json\/wp\/v2\/posts\/22295","targetHints":{"allow":["GET"]}}],"collection":[{"href":"https:\/\/serbenidorm.daliisolutions.com\/index.php\/wp-json\/wp\/v2\/posts"}],"about":[{"href":"https:\/\/serbenidorm.daliisolutions.com\/index.php\/wp-json\/wp\/v2\/types\/post"}],"replies":[{"embeddable":true,"href":"https:\/\/serbenidorm.daliisolutions.com\/index.php\/wp-json\/wp\/v2\/comments?post=22295"}],"version-history":[{"count":0,"href":"https:\/\/serbenidorm.daliisolutions.com\/index.php\/wp-json\/wp\/v2\/posts\/22295\/revisions"}],"wp:featuredmedia":[{"embeddable":true,"href":"https:\/\/serbenidorm.daliisolutions.com\/index.php\/wp-json\/wp\/v2\/media\/22296"}],"wp:attachment":[{"href":"https:\/\/serbenidorm.daliisolutions.com\/index.php\/wp-json\/wp\/v2\/media?parent=22295"}],"wp:term":[{"taxonomy":"category","embeddable":true,"href":"https:\/\/serbenidorm.daliisolutions.com\/index.php\/wp-json\/wp\/v2\/categories?post=22295"},{"taxonomy":"post_tag","embeddable":true,"href":"https:\/\/serbenidorm.daliisolutions.com\/index.php\/wp-json\/wp\/v2\/tags?post=22295"}],"curies":[{"name":"wp","href":"https:\/\/api.w.org\/{rel}","templated":true}]}}