{"id":22307,"date":"2026-02-10T12:32:58","date_gmt":"2026-02-10T11:32:58","guid":{"rendered":"https:\/\/serbenidorm.daliisolutions.com\/index.php\/2026\/02\/10\/este-es-el-nivel-que-se-le-presumia-la-prensa-dicta-sentencia-sobre-el-nuevo-benidorm-fest-sin-eurovision\/"},"modified":"2026-02-10T12:32:58","modified_gmt":"2026-02-10T11:32:58","slug":"este-es-el-nivel-que-se-le-presumia-la-prensa-dicta-sentencia-sobre-el-nuevo-benidorm-fest-sin-eurovision","status":"publish","type":"post","link":"https:\/\/serbenidorm.daliisolutions.com\/index.php\/2026\/02\/10\/este-es-el-nivel-que-se-le-presumia-la-prensa-dicta-sentencia-sobre-el-nuevo-benidorm-fest-sin-eurovision\/","title":{"rendered":"\u00abEste es el nivel que se le presum\u00eda\u00bb: la prensa dicta sentencia sobre el &#8216;nuevo&#8217; Benidorm Fest sin Eurovisi\u00f3n"},"content":{"rendered":" <p>Arranca el <a href=\"https:\/\/cadenaser.com\/nacional\/2026\/02\/07\/la-musica-ya-empieza-a-sonar-en-la-costa-arranca-el-benidorm-fest-2026-cadena-ser\/\" target=\"_blank\" rel=\"nofollow\" title=\"https:\/\/cadenaser.com\/nacional\/2026\/02\/07\/la-musica-ya-empieza-a-sonar-en-la-costa-arranca-el-benidorm-fest-2026-cadena-ser\/\">Benidorm Fest<\/a> 2026. Este martes, RTVE da el pistoletazo de salida a la quinta edici\u00f3n con una nueva versi\u00f3n del formato, a cara lavada y sin Eurovisi\u00f3n de por medio. La salida de Espa\u00f1a del festival de la canci\u00f3n ha eliminado del premio ser la candidatura al certamen, aunque la corporaci\u00f3n p\u00fablica ha introducido una cuant\u00eda econ\u00f3mica de 100.000 euros para quien se lleve la estatua de sirenita.<\/p>  <p>Ser\u00e1 este martes cuando se celebre en el Palau d&#8217;Esports L&#8217;Illa de la ciudad alicantina la primera semifinal; el jueves ser\u00e1 la segunda y, el s\u00e1bado, se llevar\u00e1 a cabo la esperada gran final que culminar\u00e1 este quinto a\u00f1o despu\u00e9s de los triunfos de <a href=\"https:\/\/cadenaser.com\/comunitat-valenciana\/2026\/02\/09\/chanel-estaba-entrando-al-escenario-y-yo-aun-estaba-cosiendo-las-anecdotas-de-marcos-ruiz-dentro-del-benidorm-fest-radio-benidorm\/\" target=\"_blank\" rel=\"nofollow\" title=\"https:\/\/cadenaser.com\/comunitat-valenciana\/2026\/02\/09\/chanel-estaba-entrando-al-escenario-y-yo-aun-estaba-cosiendo-las-anecdotas-de-marcos-ruiz-dentro-del-benidorm-fest-radio-benidorm\/\">Chanel<\/a>, Blanca Paloma, Nebulossa y Melody. De hecho, ser\u00e1n ellas cuatro quienes pongan la nota musical a la gala del s\u00e1bado a modo de homenaje al festival espa\u00f1ol. <\/p>  <p>La prensa especializada pudo entrar este lunes por la noche a uno de los ensayos de la primera semifinal y comprobar de primera mano c\u00f3mo ser\u00e1 esta nueva versi\u00f3n del Benidorm Fest que puede que contenga gui\u00f1os al festival de la canci\u00f3n, pero que se empieza a alejar de \u00e9l para consolidarse como un nuevo programa que d\u00e9 voz a la m\u00fasica en espa\u00f1ol.<\/p>  <p>En redes sociales, son muchos los periodistas que han compartido su visi\u00f3n del ensayo y han dejado claras dos cosas: la primera, que la nueva faceta del festival ha mejorado mucho y que empieza a notarse la consolidaci\u00f3n del Benidorm Fest como formato independiente. \u00abBienvenidxs a la PRIMERA edici\u00f3n. Este es el nivel que se le presum\u00eda y presume a una cadena como RTVE. Nunca es tarde. Salto de calidad en factura de imagen, escenograf\u00edas y guion\u00bb, ha escrito Manu Lercho, codirector de <i>Eurovisi\u00f3n Spain<\/i>, en X.<\/p>  <p>\u00abY no, no es una gala perfecta ni tiene todas las escenograf\u00edas redondas, pero es el nivel que deber\u00eda haber tenido desde un primer momento. Tenemos negro absoluto cuando se le requiere. Tenemos un guion a la altura. Hay momentos brutales de dise\u00f1o de luces. Es el salto necesario\u00bb, ha a\u00f1adido.<\/p>  <blockquote class=\"twitter-tweet\"><p lang=\"es\" dir=\"ltr\">Y no, no es una gala perfecta ni tiene todas las escenograf\u00edas redondas, pero es el nivel que deber\u00eda haber tenido desde un primer momento<br><br>Tenemos negro absoluto cuando se le requiere. Tenemos un gui\u00f3n a la altura. Hay momentos brutales de disenho de luces. Es el salto necesario<\/p>&mdash; o Manu lercho \ud83d\udef0\ufe0f (@JonacheMM) <a href=\"https:\/\/twitter.com\/JonacheMM\/status\/2021000439307874739?ref_src=twsrc%5Etfw\">February 9, 2026<\/a><\/blockquote>\n&lt;\/script&gt;\n\n  <blockquote class=\"twitter-tweet\"><p lang=\"es\" dir=\"ltr\">El <a href=\"https:\/\/twitter.com\/hashtag\/BenidormFest2026?src=hash&amp;ref_src=twsrc%5Etfw\">#BenidormFest2026<\/a> nos trae una producci\u00f3n t\u00e9cnica que si est\u00e1 al nivel de los comparables europeos. <br><br>Salto en calidad. Salto en imagen. Salto del festival en general. <br><br>Si esta es la siembra del camino: esta si es la ruta a seguir. <a href=\"https:\/\/t.co\/h3kB2xmxar\">pic.twitter.com\/h3kB2xmxar<\/a><\/p>&mdash; Sergio (@sbecerro_) <a href=\"https:\/\/twitter.com\/sbecerro_\/status\/2021140660842041755?ref_src=twsrc%5Etfw\">February 10, 2026<\/a><\/blockquote>\n&lt;\/script&gt;\n\n  <p>Y, por otro lado, han dejado claro qui\u00e9n es el favorito de la noche, a falta de ver la reacci\u00f3n del jurado y del p\u00fablico que lo vea desde casa: Kenneth y Los ojos no mienten, el tema que ha presentado al festival. Los periodistas acreditados y que pudieron ver las actuaciones durante el ensayo lo han posicionado como ganador de la gala o dentro del top 3 de mejores artistas, junto a otros nombres como Dora y Marlon Collins o Izan Llunas. <\/p>  <p>El Benidorm Fest empezar\u00e1 este martes con su primera semifinal a las 22:50 en La 1 de RTVE, una vez acabe La Revuelta de Broncano, y dar\u00e1 a conocer las propuestas de Kitai, Mar\u00eda Le\u00f3n y Julia Medina, Luna Ki, Greg Taro, Izan Llunas, Dora &amp; Marlon Collins, Tony Grox y Lucycalys, Mikel Herzog Jr. y Kenneth. <\/p>  <blockquote class=\"twitter-tweet\"><p lang=\"es\" dir=\"ltr\">Mi top de ACTUACIONES despu\u00e9s de los ensayos de la primera semifinal del Benidorm Fest:<br><br>1. Dora y Marlon Collins<br>2. Kenneth<br>3. Kitai<br>4. Tony Grox y Lucycalys <br>5. Izan Llunas<br>6. Luna Ki <br>7. Julia Medina y Mar\u00eda Leon<br>8. Greg Taro<br>9. Mike Herzog Jr.<\/p>&mdash; andrea \ud83e\udd20 (@andrearomero7_) <a href=\"https:\/\/twitter.com\/andrearomero7_\/status\/2021011764708770285?ref_src=twsrc%5Etfw\">February 10, 2026<\/a><\/blockquote>\n&lt;\/script&gt;\n\n  <blockquote class=\"twitter-tweet\"><p lang=\"es\" dir=\"ltr\">KENNETH &#8211; &quot;Los Ojos No Mienten&quot;<a href=\"https:\/\/twitter.com\/luismesacabello?ref_src=twsrc%5Etfw\">@luismesacabello<\/a>: &quot;J Kbello conoce a Jorge Gonz\u00e1lez. Destaca much\u00edsimo y tiene ese sabor eurovision que se echa en falta&quot;<a href=\"https:\/\/twitter.com\/_DaniFernandez?ref_src=twsrc%5Etfw\">@_DaniFernandez<\/a>: &quot;Surge entre JoGo y JKbello. Me ha gustado m\u00e1s de lo que esperaba. Estar\u00e1 en la final.<a href=\"https:\/\/twitter.com\/hashtag\/BenidormFest2026?src=hash&amp;ref_src=twsrc%5Etfw\">#BenidormFest2026<\/a> <a href=\"https:\/\/t.co\/7ZUH1DJupk\">pic.twitter.com\/7ZUH1DJupk<\/a><\/p>&mdash; Euromovidas (@euromovidas) <a href=\"https:\/\/twitter.com\/euromovidas\/status\/2021013559472423264?ref_src=twsrc%5Etfw\">February 10, 2026<\/a><\/blockquote>\n&lt;\/script&gt;\n\n  <blockquote class=\"twitter-tweet\"><p lang=\"es\" dir=\"ltr\">Titulares: <br><br>Los vocales de Izan, Mikel y Kenneth. <br><br>El servicio de Dora y Marlon. <br><br>El disfrute melodifestivalero de Julia y Mar\u00eda. <a href=\"https:\/\/twitter.com\/hashtag\/BenidormFest?src=hash&amp;ref_src=twsrc%5Etfw\">#BenidormFest<\/a><\/p>&mdash; JuanMa Fern\u00e1ndez &#8211; (MONT3RO) (@juanmafdez) <a href=\"https:\/\/twitter.com\/juanmafdez\/status\/2021008179493232993?ref_src=twsrc%5Etfw\">February 9, 2026<\/a><\/blockquote>\n&lt;\/script&gt;\n\n ","protected":false},"excerpt":{"rendered":"<p>El programa arranca este martes su quinta edici\u00f3n sin el premio de representar a Espa\u00f1a en el festival de la canci\u00f3n<\/p>\n","protected":false},"author":0,"featured_media":22308,"comment_status":"","ping_status":"open","sticky":false,"template":"","format":"standard","meta":{"_acf_changed":false,"footnotes":""},"categories":[1],"tags":[],"class_list":["post-22307","post","type-post","status-publish","format-standard","has-post-thumbnail","hentry","category-sin-categoria"],"acf":{"ser_id":"RKMBA6UWOJGMHMY5WXHSL7Y42A","ser_url":"https:\/\/cadenaser.com\/nacional\/2026\/02\/10\/este-es-el-nivel-que-se-le-presumia-la-prensa-dicta-sentencia-sobre-el-nuevo-benidorm-fest-sin-eurovision-cadena-ser\/"},"_links":{"self":[{"href":"https:\/\/serbenidorm.daliisolutions.com\/index.php\/wp-json\/wp\/v2\/posts\/22307","targetHints":{"allow":["GET"]}}],"collection":[{"href":"https:\/\/serbenidorm.daliisolutions.com\/index.php\/wp-json\/wp\/v2\/posts"}],"about":[{"href":"https:\/\/serbenidorm.daliisolutions.com\/index.php\/wp-json\/wp\/v2\/types\/post"}],"replies":[{"embeddable":true,"href":"https:\/\/serbenidorm.daliisolutions.com\/index.php\/wp-json\/wp\/v2\/comments?post=22307"}],"version-history":[{"count":0,"href":"https:\/\/serbenidorm.daliisolutions.com\/index.php\/wp-json\/wp\/v2\/posts\/22307\/revisions"}],"wp:featuredmedia":[{"embeddable":true,"href":"https:\/\/serbenidorm.daliisolutions.com\/index.php\/wp-json\/wp\/v2\/media\/22308"}],"wp:attachment":[{"href":"https:\/\/serbenidorm.daliisolutions.com\/index.php\/wp-json\/wp\/v2\/media?parent=22307"}],"wp:term":[{"taxonomy":"category","embeddable":true,"href":"https:\/\/serbenidorm.daliisolutions.com\/index.php\/wp-json\/wp\/v2\/categories?post=22307"},{"taxonomy":"post_tag","embeddable":true,"href":"https:\/\/serbenidorm.daliisolutions.com\/index.php\/wp-json\/wp\/v2\/tags?post=22307"}],"curies":[{"name":"wp","href":"https:\/\/api.w.org\/{rel}","templated":true}]}}