{"id":22312,"date":"2026-02-10T14:56:20","date_gmt":"2026-02-10T13:56:20","guid":{"rendered":"https:\/\/serbenidorm.daliisolutions.com\/index.php\/2026\/02\/10\/el-hotel-donde-se-alojan-los-participantes-del-benidorm-fest-obligado-a-emitir-un-comunicado-esto-no-es-gran-hermano\/"},"modified":"2026-02-10T14:56:20","modified_gmt":"2026-02-10T13:56:20","slug":"el-hotel-donde-se-alojan-los-participantes-del-benidorm-fest-obligado-a-emitir-un-comunicado-esto-no-es-gran-hermano","status":"publish","type":"post","link":"https:\/\/serbenidorm.daliisolutions.com\/index.php\/2026\/02\/10\/el-hotel-donde-se-alojan-los-participantes-del-benidorm-fest-obligado-a-emitir-un-comunicado-esto-no-es-gran-hermano\/","title":{"rendered":"El hotel donde se alojan los participantes del Benidorm Fest, obligado a emitir un comunicado: \u00abEsto no es Gran Hermano\u00bb"},"content":{"rendered":" <p>Empieza el <a href=\"https:\/\/cadenaser.com\/nacional\/2026\/02\/10\/este-es-el-nivel-que-se-le-presumia-la-prensa-dicta-sentencia-sobre-el-nuevo-benidorm-fest-sin-eurovision-cadena-ser\/\" target=\"_blank\" rel=\"nofollow\" title=\"https:\/\/cadenaser.com\/nacional\/2026\/02\/10\/este-es-el-nivel-que-se-le-presumia-la-prensa-dicta-sentencia-sobre-el-nuevo-benidorm-fest-sin-eurovision-cadena-ser\/\">Benidorm Fest<\/a> 2026 y ya tenemos pol\u00e9mica sobre la mesa. El m\u00edtico Hotel Don Pancho de <a href=\"https:\/\/cadenaser.com\/comunitat-valenciana\/2026\/02\/06\/el-benidorm-fest-que-no-se-ve-en-television-musica-tapas-o-exposiciones-llenan-la-ciudad-radio-benidorm\/\" target=\"_blank\" rel=\"nofollow\" title=\"https:\/\/cadenaser.com\/comunitat-valenciana\/2026\/02\/06\/el-benidorm-fest-que-no-se-ve-en-television-musica-tapas-o-exposiciones-llenan-la-ciudad-radio-benidorm\/\">Benidorm<\/a>, donde se alojan los concursantes, bailarines y equipos del festival, as\u00ed como los directivos de RTVE, se ha visto obligado a pronunciarse despu\u00e9s de que varios seguidores del programa hayan pedido que se emitan en abierto im\u00e1genes de las zonas comunes del hotel y de las habitaciones de los participantes.<\/p>  <p>\u00abDurante los \u00faltimos d\u00edas y semanas, hemos recibido numerosos mensajes por parte de seguidores del Benidorm Fest y Eurofans solicitando que durante el Benidorm Fest emitamos en streaming online 24 horas al d\u00eda las im\u00e1genes a tiempo real captadas por las c\u00e1maras ubicadas en las zonas comunes de nuestro hotel\u00bb, han escrito, en un comunicado difundido en sus redes sociales oficiales. <\/p>  <p>El Don Pancho ha a\u00f1adido, adem\u00e1s, que han recibido peticiones tambi\u00e9n para que se instalen \u00abc\u00e1maras en las habitaciones de los artistas y las transmitamos online 24\/7\u00bb. \u00abLamentamos comunicar que estas acciones est\u00e1n totalmente prohibidas seg\u00fan la Ley Org\u00e1nica de Protecci\u00f3n de Datos y Garant\u00eda de los Derechos Digitales, y la Ley de Protecci\u00f3n de la Intimidad Personal\u00bb, ha afirmado.<\/p>  <p>Para mostrar m\u00e1s a\u00fan su contrariedad, el hotel ha pedido al p\u00fablico que \u00abpor favor no env\u00ede m\u00e1s mensajes al hotel con este tipo de solicitudes\u00bb. \u00abEste es el Hotel Don Pancho. No Gran Hermano. Gracias de antemano por la comprensi\u00f3n\u00bb, ha a\u00f1adido. <\/p>  <blockquote class=\"twitter-tweet\"><p lang=\"pt\" dir=\"ltr\">Comunicado Oficial. <a href=\"https:\/\/t.co\/7MPOmZavbb\">pic.twitter.com\/7MPOmZavbb<\/a><\/p>&mdash; Hotel Don Pancho (@HotelDonPancho) <a href=\"https:\/\/twitter.com\/HotelDonPancho\/status\/2021159629028294850?ref_src=twsrc%5Etfw\">February 10, 2026<\/a><\/blockquote>\n&lt;\/script&gt;\n\n  <p>Este martes, La 1 de RTVE emitir\u00e1 la primera semifinal del concurso, de donde saldr\u00e1 el primer cupo de finalistas. El jueves ser\u00e1 la segunda y, el s\u00e1bado, la esperada gran final, donde conoceremos el nombre del ganador de esta quinta edici\u00f3n del Benidorm Fest, que suceder\u00e1 a Chanel, Blanca Paloma, Nebulossa y Melody. <\/p>  <p>Eso s\u00ed, esta vez sin un billete de avi\u00f3n para ir a participar en Eurovisi\u00f3n despu\u00e9s de que el pasado a\u00f1o Espa\u00f1a abandonara el festival de la canci\u00f3n a modo de protesta por la participaci\u00f3n de Israel. <\/p> ","protected":false},"excerpt":{"rendered":"<p>El Don Pancho se pronuncia tras recibir varias peticiones en los \u00faltimos d\u00edas<\/p>\n","protected":false},"author":0,"featured_media":22313,"comment_status":"","ping_status":"open","sticky":false,"template":"","format":"standard","meta":{"_acf_changed":false,"footnotes":""},"categories":[1],"tags":[],"class_list":["post-22312","post","type-post","status-publish","format-standard","has-post-thumbnail","hentry","category-sin-categoria"],"acf":{"ser_id":"R7KDS7PXSBGVJE7WLIV5PNRWHE","ser_url":"https:\/\/cadenaser.com\/nacional\/2026\/02\/10\/el-hotel-donde-se-alojan-los-participantes-del-benidorm-fest-obligado-a-emitir-un-comunicado-esto-no-es-gran-hermano-cadena-ser\/"},"_links":{"self":[{"href":"https:\/\/serbenidorm.daliisolutions.com\/index.php\/wp-json\/wp\/v2\/posts\/22312","targetHints":{"allow":["GET"]}}],"collection":[{"href":"https:\/\/serbenidorm.daliisolutions.com\/index.php\/wp-json\/wp\/v2\/posts"}],"about":[{"href":"https:\/\/serbenidorm.daliisolutions.com\/index.php\/wp-json\/wp\/v2\/types\/post"}],"replies":[{"embeddable":true,"href":"https:\/\/serbenidorm.daliisolutions.com\/index.php\/wp-json\/wp\/v2\/comments?post=22312"}],"version-history":[{"count":0,"href":"https:\/\/serbenidorm.daliisolutions.com\/index.php\/wp-json\/wp\/v2\/posts\/22312\/revisions"}],"wp:featuredmedia":[{"embeddable":true,"href":"https:\/\/serbenidorm.daliisolutions.com\/index.php\/wp-json\/wp\/v2\/media\/22313"}],"wp:attachment":[{"href":"https:\/\/serbenidorm.daliisolutions.com\/index.php\/wp-json\/wp\/v2\/media?parent=22312"}],"wp:term":[{"taxonomy":"category","embeddable":true,"href":"https:\/\/serbenidorm.daliisolutions.com\/index.php\/wp-json\/wp\/v2\/categories?post=22312"},{"taxonomy":"post_tag","embeddable":true,"href":"https:\/\/serbenidorm.daliisolutions.com\/index.php\/wp-json\/wp\/v2\/tags?post=22312"}],"curies":[{"name":"wp","href":"https:\/\/api.w.org\/{rel}","templated":true}]}}