{"id":22343,"date":"2026-02-11T13:37:50","date_gmt":"2026-02-11T12:37:50","guid":{"rendered":"https:\/\/serbenidorm.daliisolutions.com\/index.php\/2026\/02\/11\/la-renovacion-del-pozo-de-rotes-en-la-nucia-entra-en-su-recta-final\/"},"modified":"2026-02-11T13:37:50","modified_gmt":"2026-02-11T12:37:50","slug":"la-renovacion-del-pozo-de-rotes-en-la-nucia-entra-en-su-recta-final","status":"publish","type":"post","link":"https:\/\/serbenidorm.daliisolutions.com\/index.php\/2026\/02\/11\/la-renovacion-del-pozo-de-rotes-en-la-nucia-entra-en-su-recta-final\/","title":{"rendered":"La renovaci\u00f3n del pozo de Rotes, en La Nuc\u00eda, entra en su recta final"},"content":{"rendered":" <p>El conseller de Agricultura, Agua, Ganader\u00eda y Pesca, Miguel Barrachina, ha visitado este mi\u00e9rcoles las obras de la balsa de riego y el nuevo pozo de La Nuc\u00eda, una actuaci\u00f3n con una inversi\u00f3n total de 96.455,16 euros que permite reforzar la seguridad h\u00eddrica del municipio, tanto para el riego agr\u00edcola como para el abastecimiento de agua potable.<\/p>  <p>Durante la visita, Barrachina ha destacado que la <a href=\"https:\/\/cadenaser.com\/tag\/benidorm\/a\/\" target=\"_blank\" rel=\"nofollow\" title=\"https:\/\/cadenaser.com\/tag\/benidorm\/a\/\">rehabilitaci\u00f3n de la balsa de El Captivador<\/a> devuelve a esta infraestructura su plena operatividad y ha especificado que la balsa cuenta con una capacidad aproximada de 2.500 metros c\u00fabicos para mejorar la eficiencia en el almacenamiento y uso del agua destinada al riego.<\/p>  <p>Asimismo, el conseller ha se\u00f1alado que el nuevo pozo de Rotes permitir\u00e1 garantizar el suministro tras la obstrucci\u00f3n e inutilizaci\u00f3n del sondeo anterior. El pozo tendr\u00e1 un caudal instant\u00e1neo de 40 litros por segundo y un volumen m\u00e1ximo anual de 248.832 metros c\u00fabicos, de los que 62.208 se destinan a abastecimiento y 186.624 a riego agr\u00edcola, reforzando la estabilidad del sistema h\u00eddrico local.<\/p>  <p>\u201cGarantizar agua para riego y abastecimiento es garantizar futuro agr\u00edcola y calidad de vida\u201d, ha afirmado Barrachina, quien ha destacado que este tipo de actuaciones responden a una pol\u00edtica de planificaci\u00f3n y previsi\u00f3n, y no a la improvisaci\u00f3n cuando el agua ya falta.<\/p>  <p>El conseller ha recordado que Alicante es una de las provincias m\u00e1s sensibles a la sequ\u00eda y ha insistido en que la pol\u00edtica h\u00eddrica del Consell se basa en infraestructuras \u00fatiles, modernizaci\u00f3n del regad\u00edo y eficiencia en el uso del agua.<\/p>  <p>En este sentido, Barrachina ha enmarcado la actuaci\u00f3n de La Nuc\u00eda en el esfuerzo inversor auton\u00f3mico en materia de agua, que supera los 50 millones de euros con el objetivo de modernizar infraestructuras, reducir p\u00e9rdidas y garantizar el abastecimiento en escenarios de escasez.<\/p>  <p>El conseller ha defendido que, junto a las infraestructuras locales, es imprescindible mantener todas las fuentes de agua disponibles, y ha subrayado que el trasvase Tajo-Segura es una infraestructura estrat\u00e9gica e irrenunciable para Alicante y para el conjunto de la Comunitat Valenciana. \u201cEl trasvase garantiza estabilidad, empleo y futuro en el campo y en los municipios, y no puede estar sometido a decisiones ideol\u00f3gicas\u201d, ha se\u00f1alado.<\/p>  <p>Barrachina ha puesto en valor el papel de las comunidades de regantes, que gestionan de forma responsable el recurso h\u00eddrico, y ha destacado que actuaciones como las de La Nuc\u00eda aseguran el riego agr\u00edcola tradicional, fundamental para mantener la econom\u00eda y el paisaje agrario de la comarca.<\/p>  <p>Adem\u00e1s, ha recordado el compromiso del Consell con el relevo generacional, destacando que la Marina Baixa ha registrado 15 solicitudes en la orden de j\u00f3venes y nuevos agricultores, con una inversi\u00f3n superior a 830.000 euros, dentro de un \u00abesfuerzo auton\u00f3mico que alcanza las 677 solicitudes y una inversi\u00f3n r\u00e9cord de 29 millones de euros\u00bb en toda la Comunitat Valenciana.<\/p>  <p>\u201cEl agua se gestiona con planificaci\u00f3n y obras concretas. Por eso, desde este Consell apostamos por infraestructuras que den certezas hoy y eviten problemas ma\u00f1ana\u201d, ha concluido Barrachina.<\/p> ","protected":false},"excerpt":{"rendered":"<p>Agricultura refuerza la seguridad h\u00eddrica con una balsa de riego y un nuevo pozo de abastecimiento<\/p>\n","protected":false},"author":0,"featured_media":22344,"comment_status":"","ping_status":"open","sticky":false,"template":"","format":"standard","meta":{"_acf_changed":false,"footnotes":""},"categories":[1],"tags":[],"class_list":["post-22343","post","type-post","status-publish","format-standard","has-post-thumbnail","hentry","category-sin-categoria"],"acf":{"ser_id":"6ET47OFHQBHGVKBBRS2PCS75LI","ser_url":"https:\/\/cadenaser.com\/comunitat-valenciana\/2026\/02\/11\/la-renovacion-del-pozo-de-rotes-en-la-nucia-entra-en-su-recta-final-radio-benidorm\/"},"_links":{"self":[{"href":"https:\/\/serbenidorm.daliisolutions.com\/index.php\/wp-json\/wp\/v2\/posts\/22343","targetHints":{"allow":["GET"]}}],"collection":[{"href":"https:\/\/serbenidorm.daliisolutions.com\/index.php\/wp-json\/wp\/v2\/posts"}],"about":[{"href":"https:\/\/serbenidorm.daliisolutions.com\/index.php\/wp-json\/wp\/v2\/types\/post"}],"replies":[{"embeddable":true,"href":"https:\/\/serbenidorm.daliisolutions.com\/index.php\/wp-json\/wp\/v2\/comments?post=22343"}],"version-history":[{"count":0,"href":"https:\/\/serbenidorm.daliisolutions.com\/index.php\/wp-json\/wp\/v2\/posts\/22343\/revisions"}],"wp:featuredmedia":[{"embeddable":true,"href":"https:\/\/serbenidorm.daliisolutions.com\/index.php\/wp-json\/wp\/v2\/media\/22344"}],"wp:attachment":[{"href":"https:\/\/serbenidorm.daliisolutions.com\/index.php\/wp-json\/wp\/v2\/media?parent=22343"}],"wp:term":[{"taxonomy":"category","embeddable":true,"href":"https:\/\/serbenidorm.daliisolutions.com\/index.php\/wp-json\/wp\/v2\/categories?post=22343"},{"taxonomy":"post_tag","embeddable":true,"href":"https:\/\/serbenidorm.daliisolutions.com\/index.php\/wp-json\/wp\/v2\/tags?post=22343"}],"curies":[{"name":"wp","href":"https:\/\/api.w.org\/{rel}","templated":true}]}}