{"id":22345,"date":"2026-02-11T13:37:50","date_gmt":"2026-02-11T12:37:50","guid":{"rendered":"https:\/\/serbenidorm.daliisolutions.com\/index.php\/2026\/02\/11\/el-presupuesto-de-lalfas-del-pi-crece-un-38-este-2026\/"},"modified":"2026-02-11T13:37:50","modified_gmt":"2026-02-11T12:37:50","slug":"el-presupuesto-de-lalfas-del-pi-crece-un-38-este-2026","status":"publish","type":"post","link":"https:\/\/serbenidorm.daliisolutions.com\/index.php\/2026\/02\/11\/el-presupuesto-de-lalfas-del-pi-crece-un-38-este-2026\/","title":{"rendered":"El presupuesto de l&#8217;Alf\u00e0s del Pi crece un 3,8% este 2026"},"content":{"rendered":" <p>El Ayuntamiento de l&#8217;Alf\u00e0s del Pi ha aprobado en sesi\u00f3n plenaria el presupuesto municipal para 2026, que asciende a 29.087.935,72 euros, equilibrado en los cap\u00edtulos de ingresos y gastos. La cifra supone un incremento del 3,81% respecto al ejercicio anterior, cuando el presupuesto alcanz\u00f3 los 28.021.601,36 euros.<\/p>  <p>El proyecto sali\u00f3 adelante con los <a href=\"https:\/\/cadenaser.com\/tag\/benidorm\/a\/\" target=\"_blank\" rel=\"nofollow\" title=\"https:\/\/cadenaser.com\/tag\/benidorm\/a\/\">votos favorables del PSPV-PSOE y el rechazo de Partido Popular y Vox<\/a>. En la misma sesi\u00f3n plenaria tambi\u00e9n se aprob\u00f3 por mayor\u00eda la modificaci\u00f3n de la Relaci\u00f3n de Puestos de Trabajo y la plantilla org\u00e1nica de personal para 2026, que estar\u00e1 integrada por 295 empleados p\u00fablicos.<\/p>  <p>Las nuevas cuentas consolidan la apuesta municipal por el \u00e1mbito social. El presupuesto incluye la dotaci\u00f3n necesaria para desarrollar el Plan Estrat\u00e9gico de Subvenciones, aprobado a finales de enero, que contempla cerca de un centenar de ayudas con una asignaci\u00f3n global aproximada de 1,2 millones de euros.<\/p>  <p>Estas subvenciones, tanto en r\u00e9gimen de concurrencia competitiva como nominativas, est\u00e1n dirigidas a colectivos y particulares, con especial atenci\u00f3n a asociaciones locales, jubilados, pensionistas y estudiantes, reforzando el tejido social y asociativo del municipio.<\/p>  <p>El portavoz del equipo de Gobierno, Toni Such, ha destacado el \u00abimportante esfuerzo\u00bb realizado para incrementar las inversiones en un 37,01% respecto a 2025. Entre las actuaciones m\u00e1s relevantes figura la mejora de la accesibilidad en la plaza Mayor y su entorno, con una dotaci\u00f3n cercana a los 800.000 euros.<\/p> ","protected":false},"excerpt":{"rendered":"<p>El Ayuntamiento aprueba unas cuentas de 29 millones de euros<\/p>\n","protected":false},"author":0,"featured_media":22346,"comment_status":"","ping_status":"open","sticky":false,"template":"","format":"standard","meta":{"_acf_changed":false,"footnotes":""},"categories":[1],"tags":[],"class_list":["post-22345","post","type-post","status-publish","format-standard","has-post-thumbnail","hentry","category-sin-categoria"],"acf":{"ser_id":"VVMXGZG3YNHPRODTCG3IGCIY5I","ser_url":"https:\/\/cadenaser.com\/comunitat-valenciana\/2026\/02\/11\/el-presupuesto-de-lalfas-del-pi-crece-un-38-este-2026-radio-benidorm\/"},"_links":{"self":[{"href":"https:\/\/serbenidorm.daliisolutions.com\/index.php\/wp-json\/wp\/v2\/posts\/22345","targetHints":{"allow":["GET"]}}],"collection":[{"href":"https:\/\/serbenidorm.daliisolutions.com\/index.php\/wp-json\/wp\/v2\/posts"}],"about":[{"href":"https:\/\/serbenidorm.daliisolutions.com\/index.php\/wp-json\/wp\/v2\/types\/post"}],"replies":[{"embeddable":true,"href":"https:\/\/serbenidorm.daliisolutions.com\/index.php\/wp-json\/wp\/v2\/comments?post=22345"}],"version-history":[{"count":0,"href":"https:\/\/serbenidorm.daliisolutions.com\/index.php\/wp-json\/wp\/v2\/posts\/22345\/revisions"}],"wp:featuredmedia":[{"embeddable":true,"href":"https:\/\/serbenidorm.daliisolutions.com\/index.php\/wp-json\/wp\/v2\/media\/22346"}],"wp:attachment":[{"href":"https:\/\/serbenidorm.daliisolutions.com\/index.php\/wp-json\/wp\/v2\/media?parent=22345"}],"wp:term":[{"taxonomy":"category","embeddable":true,"href":"https:\/\/serbenidorm.daliisolutions.com\/index.php\/wp-json\/wp\/v2\/categories?post=22345"},{"taxonomy":"post_tag","embeddable":true,"href":"https:\/\/serbenidorm.daliisolutions.com\/index.php\/wp-json\/wp\/v2\/tags?post=22345"}],"curies":[{"name":"wp","href":"https:\/\/api.w.org\/{rel}","templated":true}]}}