{"id":22347,"date":"2026-02-11T14:07:05","date_gmt":"2026-02-11T13:07:05","guid":{"rendered":"https:\/\/serbenidorm.daliisolutions.com\/index.php\/2026\/02\/11\/la-consellera-de-servicios-sociales-reconoce-la-necesidad-de-un-nuevo-centro-de-dia-en-la-marina-baixa\/"},"modified":"2026-02-11T14:07:05","modified_gmt":"2026-02-11T13:07:05","slug":"la-consellera-de-servicios-sociales-reconoce-la-necesidad-de-un-nuevo-centro-de-dia-en-la-marina-baixa","status":"publish","type":"post","link":"https:\/\/serbenidorm.daliisolutions.com\/index.php\/2026\/02\/11\/la-consellera-de-servicios-sociales-reconoce-la-necesidad-de-un-nuevo-centro-de-dia-en-la-marina-baixa\/","title":{"rendered":"La consellera de Servicios Sociales reconoce la necesidad de un nuevo Centro de D\u00eda en la Marina Baixa"},"content":{"rendered":" <p>Primera visita de la consellera de Servicios Sociales a la Marina Baixa, en concreto a Finestrat, para abordar la necesidad de crear un Centro de D\u00eda en la comarca. Tras firmar en el libro de honor del Ayuntamiento Elena Albalat ha asegurado que son conscientes de esa necesidad y que estudiar\u00e1n la forma de crearlo. <\/p>  <p>\u00abTodav\u00eda no hemos iniciado las conversaciones, pero hoy estamos aqu\u00ed y es importante intentarlo\u00bb, ha dicho Albalat. \u00ab<a href=\"https:\/\/cadenaser.com\/tag\/benidorm\/a\/\" target=\"_blank\" rel=\"nofollow\" title=\"https:\/\/cadenaser.com\/tag\/benidorm\/a\/\">Finestrat es un municipio con tres n\u00facleos urbanos donde el envejecimiento no se distribuye por igual y muchos mayores viven solos<\/a>\u00ab, ha continuado explicando la alcaldesa finestrat\u00ed Nati Algado.<\/p>  <p>Sobre el rechazo del actual gobierno de la Generalitat a desarrollar una infraestructura similar en Altea, la consellera responde que \u00abno llegaba a los plazos previstos y el plan no ten\u00eda continuidad porque era un plan fracasado\u00bb.<\/p>  <p>Eso no significa, ha insistido, que otras localidades de la provincia y de la Comunitat Valenciana s\u00ed tengan esa necesidad. Albalat tambi\u00e9n ha defendido la colaboraci\u00f3n p\u00fablico-privada como la formula ideal del actual Consell popular para generar m\u00e1s plazas.<\/p>  <p>Por su parte la primer edil ha insistido en que el proyecto de hospital privado en el bulevar comercial tiene que ir cumpliendo todos los tr\u00e1mites administrativos, urban\u00edsticos y medioambientales: \u00abNo est\u00e1 re\u00f1ido con la sanidad p\u00fablica\u00bb, ha subrayado Algado.<\/p> ","protected":false},"excerpt":{"rendered":"<p>Elena Albalat se re\u00fane con la alcaldesa de Finestrat para empezar a abordar el proyecto en esa localidad<\/p>\n","protected":false},"author":0,"featured_media":22348,"comment_status":"","ping_status":"open","sticky":false,"template":"","format":"standard","meta":{"_acf_changed":false,"footnotes":""},"categories":[1],"tags":[],"class_list":["post-22347","post","type-post","status-publish","format-standard","has-post-thumbnail","hentry","category-sin-categoria"],"acf":{"ser_id":"2J6TPPZ7O5BTTGTKLH4BCBDVYY","ser_url":"https:\/\/cadenaser.com\/comunitat-valenciana\/2026\/02\/11\/la-consellera-de-servicios-sociales-reconoce-la-necesidad-de-un-nuevo-centro-de-dia-en-la-marina-baixa-radio-benidorm\/"},"_links":{"self":[{"href":"https:\/\/serbenidorm.daliisolutions.com\/index.php\/wp-json\/wp\/v2\/posts\/22347","targetHints":{"allow":["GET"]}}],"collection":[{"href":"https:\/\/serbenidorm.daliisolutions.com\/index.php\/wp-json\/wp\/v2\/posts"}],"about":[{"href":"https:\/\/serbenidorm.daliisolutions.com\/index.php\/wp-json\/wp\/v2\/types\/post"}],"replies":[{"embeddable":true,"href":"https:\/\/serbenidorm.daliisolutions.com\/index.php\/wp-json\/wp\/v2\/comments?post=22347"}],"version-history":[{"count":0,"href":"https:\/\/serbenidorm.daliisolutions.com\/index.php\/wp-json\/wp\/v2\/posts\/22347\/revisions"}],"wp:featuredmedia":[{"embeddable":true,"href":"https:\/\/serbenidorm.daliisolutions.com\/index.php\/wp-json\/wp\/v2\/media\/22348"}],"wp:attachment":[{"href":"https:\/\/serbenidorm.daliisolutions.com\/index.php\/wp-json\/wp\/v2\/media?parent=22347"}],"wp:term":[{"taxonomy":"category","embeddable":true,"href":"https:\/\/serbenidorm.daliisolutions.com\/index.php\/wp-json\/wp\/v2\/categories?post=22347"},{"taxonomy":"post_tag","embeddable":true,"href":"https:\/\/serbenidorm.daliisolutions.com\/index.php\/wp-json\/wp\/v2\/tags?post=22347"}],"curies":[{"name":"wp","href":"https:\/\/api.w.org\/{rel}","templated":true}]}}