{"id":22365,"date":"2026-02-11T19:04:52","date_gmt":"2026-02-11T18:04:52","guid":{"rendered":"https:\/\/serbenidorm.daliisolutions.com\/index.php\/2026\/02\/11\/perez-llorca-se-compromete-con-el-futuro-del-benidorm-fest-y-se-reunira-en-breve-con-rtve\/"},"modified":"2026-02-11T19:04:52","modified_gmt":"2026-02-11T18:04:52","slug":"perez-llorca-se-compromete-con-el-futuro-del-benidorm-fest-y-se-reunira-en-breve-con-rtve","status":"publish","type":"post","link":"https:\/\/serbenidorm.daliisolutions.com\/index.php\/2026\/02\/11\/perez-llorca-se-compromete-con-el-futuro-del-benidorm-fest-y-se-reunira-en-breve-con-rtve\/","title":{"rendered":"P\u00e9rez Llorca se compromete con el futuro del Benidorm Fest y se reunir\u00e1 \u00aben breve\u00bb con RTVE"},"content":{"rendered":" <p>El president de la Generalitat, Juanfran P\u00e9rez Llorca, ha anunciado este mi\u00e9rcoles que \u00aben breve\u00bb tiene previsto una reuni\u00f3n de trabajo con la direcci\u00f3n de RTVE con la idea de mantener el Benidorm Fest en la ciudad tur\u00edstica alicantina.<\/p>  <p>A pregunta de EFE en una visita a la sede del sindicato agrario ASAJA en Alicante, el jefe del Consell valenciano ha manifestado ser \u00abun defensor del Benidorm Fest\u00bb y, por ello, defender \u00abese tipo de festivales en una ciudad tan tur\u00edstica como es Benidorm\u00bb.<\/p>  <p>Para P\u00e9rez Llorca, la capital tur\u00edstica de la Costa Blanca y tambi\u00e9n de la Comunitat Valenciana \u00ab<a href=\"https:\/\/cadenaser.com\/tag\/benidorm\/a\/\" target=\"_blank\" rel=\"nofollow\" title=\"https:\/\/cadenaser.com\/tag\/benidorm\/a\/\">merece tener inversiones tan importantes como el Benidorm Fest<\/a>\u00bb y, por ello, defender\u00e1 \u00abesa implantaci\u00f3n y que se mantenga\u00bb.<\/p>  <p>\u00abNo he tenido ning\u00fan contacto a\u00fan con Televisi\u00f3n Espa\u00f1ola, creo que lo voy a tener en breve, pero ya le anticipo que la posici\u00f3n de la Generalitat es defender ese tipo de festivales\u00bb, ha se\u00f1alado en la semana en la que se celebra el certamen con la participaci\u00f3n de dieciocho participantes. <\/p>  <p>En esta quinta edici\u00f3n, la primera que no da billete a Eurovisi\u00f3n, participan 18 artistas que competir\u00e1n por alcanzar la gran final del 14 de febrero. El evento cuenta con la presencia de artistas consagrados como Paloma San Basilio, Luz Casal y Abraham Mateo. <\/p>  <p>Adem\u00e1s, la gran final del s\u00e1bado reunir\u00e1 a las ganadoras de las cuatro anteriores ediciones: Melody, Chanel, Blanca Paloma y Nebulossa. Como novedad, esta edici\u00f3n incorpora un premio de 150.000 euros para la candidatura ganadora.<\/p>  <p><\/p> ","protected":false},"excerpt":{"rendered":"<p>El president de la Generalitat se define como un defensor del festival<\/p>\n","protected":false},"author":0,"featured_media":22366,"comment_status":"","ping_status":"open","sticky":false,"template":"","format":"standard","meta":{"_acf_changed":false,"footnotes":""},"categories":[1],"tags":[],"class_list":["post-22365","post","type-post","status-publish","format-standard","has-post-thumbnail","hentry","category-sin-categoria"],"acf":{"ser_id":"SUGI6YUPCZHJHJWREBIWCL4AS4","ser_url":"https:\/\/cadenaser.com\/comunitat-valenciana\/2026\/02\/11\/perez-llorca-se-compromete-con-el-futuro-del-benidorm-fest-y-se-reunira-en-breve-con-rtve-radio-benidorm\/"},"_links":{"self":[{"href":"https:\/\/serbenidorm.daliisolutions.com\/index.php\/wp-json\/wp\/v2\/posts\/22365","targetHints":{"allow":["GET"]}}],"collection":[{"href":"https:\/\/serbenidorm.daliisolutions.com\/index.php\/wp-json\/wp\/v2\/posts"}],"about":[{"href":"https:\/\/serbenidorm.daliisolutions.com\/index.php\/wp-json\/wp\/v2\/types\/post"}],"replies":[{"embeddable":true,"href":"https:\/\/serbenidorm.daliisolutions.com\/index.php\/wp-json\/wp\/v2\/comments?post=22365"}],"version-history":[{"count":0,"href":"https:\/\/serbenidorm.daliisolutions.com\/index.php\/wp-json\/wp\/v2\/posts\/22365\/revisions"}],"wp:featuredmedia":[{"embeddable":true,"href":"https:\/\/serbenidorm.daliisolutions.com\/index.php\/wp-json\/wp\/v2\/media\/22366"}],"wp:attachment":[{"href":"https:\/\/serbenidorm.daliisolutions.com\/index.php\/wp-json\/wp\/v2\/media?parent=22365"}],"wp:term":[{"taxonomy":"category","embeddable":true,"href":"https:\/\/serbenidorm.daliisolutions.com\/index.php\/wp-json\/wp\/v2\/categories?post=22365"},{"taxonomy":"post_tag","embeddable":true,"href":"https:\/\/serbenidorm.daliisolutions.com\/index.php\/wp-json\/wp\/v2\/tags?post=22365"}],"curies":[{"name":"wp","href":"https:\/\/api.w.org\/{rel}","templated":true}]}}