{"id":22369,"date":"2026-02-11T19:55:15","date_gmt":"2026-02-11T18:55:15","guid":{"rendered":"https:\/\/serbenidorm.daliisolutions.com\/index.php\/2026\/02\/11\/kingdom-un-ano-despues-de-su-benidorm-fest\/"},"modified":"2026-02-11T19:55:15","modified_gmt":"2026-02-11T18:55:15","slug":"kingdom-un-ano-despues-de-su-benidorm-fest","status":"publish","type":"post","link":"https:\/\/serbenidorm.daliisolutions.com\/index.php\/2026\/02\/11\/kingdom-un-ano-despues-de-su-benidorm-fest\/","title":{"rendered":"Kingdom un a\u00f1o despu\u00e9s de su Benidorm Fest"},"content":{"rendered":" <p><i>Me gustas t\u00fa<\/i> fue una de las canciones y estribillos que resonaron durante la cuarta edici\u00f3n del Benidorm Fest, la del 2025. Sus art\u00edfices, Ane, Iv\u00e1n y Jorge de la banda Kingdom, vuelven a la capital tur\u00edstica un a\u00f1o despu\u00e9s para actuar en el Euroclub de la plaza del Ayuntamiento este mi\u00e9rcoles por la tarde y vivir en directo la final del pr\u00f3ximo s\u00e1bado.<\/p>  <p>Antes de todo y celebrando el tiempo primaveral y el ambiente festivalero que se respira estos d\u00edas en la ciudad se han pasado por <a href=\"https:\/\/cadenaser.com\/tag\/benidorm\/a\/\" target=\"_blank\" rel=\"nofollow\" title=\"https:\/\/cadenaser.com\/tag\/benidorm\/a\/\">La Ventana de la Marina Baixa<\/a> para valorar la experiencia de concursar en el Benidorm Fest, as\u00ed como lo mejor y peor que les ha pasado en estos doce meses.<\/p>  <p>Kingdom tambi\u00e9n ha presentado su \u00faltimo tema, <i>Adrenalina<\/i>, reci\u00e9n sacado del horno y buen reflejo de su paso por el festival que les dio a conocer entre el gran p\u00fablico.<\/p>  <p>De hecho, y aunque siempre se aspira a mucho m\u00e1s, el grupo no ha parado de girar por toda Espa\u00f1a durante todo este tiempo y ya prepara su nuevo disco, aunque no concretan fechas para su lanzamiento porque aseguran que tiene que primer la calidad del producto final.<\/p>  <p>Adem\u00e1s Ane e Iv\u00e1n se han mojado y han reconocido que en esta quinta edici\u00f3n, Benidorm Fest 2026, tienen favoritos. Entre ellos Tony Grox y LucyCalys, Kitai o Mikel Herzog Jr.<\/p> ","protected":false},"excerpt":{"rendered":"<p>La banda vuelve a la ciudad para actuar en el Euroclub y tiene claros sus favoritos para esta edici\u00f3n<\/p>\n","protected":false},"author":0,"featured_media":22370,"comment_status":"","ping_status":"open","sticky":false,"template":"","format":"standard","meta":{"_acf_changed":false,"footnotes":""},"categories":[1],"tags":[],"class_list":["post-22369","post","type-post","status-publish","format-standard","has-post-thumbnail","hentry","category-sin-categoria"],"acf":{"ser_id":"K6PHKOEZUVG4XI3MXWWP6LBYGU","ser_url":"https:\/\/cadenaser.com\/comunitat-valenciana\/2026\/02\/11\/kingdom-un-ano-despues-del-benidorm-fest-radio-benidorm\/"},"_links":{"self":[{"href":"https:\/\/serbenidorm.daliisolutions.com\/index.php\/wp-json\/wp\/v2\/posts\/22369","targetHints":{"allow":["GET"]}}],"collection":[{"href":"https:\/\/serbenidorm.daliisolutions.com\/index.php\/wp-json\/wp\/v2\/posts"}],"about":[{"href":"https:\/\/serbenidorm.daliisolutions.com\/index.php\/wp-json\/wp\/v2\/types\/post"}],"replies":[{"embeddable":true,"href":"https:\/\/serbenidorm.daliisolutions.com\/index.php\/wp-json\/wp\/v2\/comments?post=22369"}],"version-history":[{"count":0,"href":"https:\/\/serbenidorm.daliisolutions.com\/index.php\/wp-json\/wp\/v2\/posts\/22369\/revisions"}],"wp:featuredmedia":[{"embeddable":true,"href":"https:\/\/serbenidorm.daliisolutions.com\/index.php\/wp-json\/wp\/v2\/media\/22370"}],"wp:attachment":[{"href":"https:\/\/serbenidorm.daliisolutions.com\/index.php\/wp-json\/wp\/v2\/media?parent=22369"}],"wp:term":[{"taxonomy":"category","embeddable":true,"href":"https:\/\/serbenidorm.daliisolutions.com\/index.php\/wp-json\/wp\/v2\/categories?post=22369"},{"taxonomy":"post_tag","embeddable":true,"href":"https:\/\/serbenidorm.daliisolutions.com\/index.php\/wp-json\/wp\/v2\/tags?post=22369"}],"curies":[{"name":"wp","href":"https:\/\/api.w.org\/{rel}","templated":true}]}}