{"id":22379,"date":"2026-02-12T09:05:57","date_gmt":"2026-02-12T08:05:57","guid":{"rendered":"https:\/\/serbenidorm.daliisolutions.com\/index.php\/2026\/02\/12\/el-viento-roza-los-130-km-h-en-la-marina-baixa\/"},"modified":"2026-02-12T09:05:57","modified_gmt":"2026-02-12T08:05:57","slug":"el-viento-roza-los-130-km-h-en-la-marina-baixa","status":"publish","type":"post","link":"https:\/\/serbenidorm.daliisolutions.com\/index.php\/2026\/02\/12\/el-viento-roza-los-130-km-h-en-la-marina-baixa\/","title":{"rendered":"El viento roza los 130 km\/h en la Marina Baixa"},"content":{"rendered":" <p>La madrugada del mi\u00e9rcoles al jueves ha vuelto a ser una noche muy ventosa en la comarca de la Marina Baixa, donde se han registrado rachas de m\u00e1s de 100 km\/h la pr\u00e1ctica totalidad del territorio con una velocidad m\u00e1xima de 126 km\/h en la estaci\u00f3n del Castell de Guadalest.<\/p>  <p>De hecho, la pr\u00e1ctica totalidad del litoral espa\u00f1ol, desde el Cant\u00e1brico al Mediterr\u00e1neo, se encuentra en alg\u00fan estado de alerta tanto por fen\u00f3menos costeros como por el viento. En la provincia de Alicante y tambi\u00e9n en la Marina Baixa esos avisos son amarillos en ambos casos.<\/p>  <p>Las temperaturas m\u00e1s altas de lo habitual para estas fechas registradas en las \u00faltimas jornadas, con m\u00e1ximas que han superado con creces los 20\u00ba en Benidorm y otras localidades costeras de la Marina Baixa, son las responsables de este episodio de fuerte viento que, sin que consten por el momento da\u00f1os a las personas, han provocado ya varios incidentes menores en distintas localidades de la regi\u00f3n.<\/p>  <p>A medida que ha ido amaneciendo han sido varios los vecinos de la Marina Baixa los que han vivido complicaciones para poder trasladarse de sus casas a sus puestos de trabajo o a centros escolares debido a la presencia de \u00e1rboles y otros objetos en la v\u00eda p\u00fablica.<\/p>  <p>En esta ocasi\u00f3n, el viento ha soplado con much\u00edsima intensidad tanto en el interior de la comarca como en la costa. As\u00ed, el Castell de Guadalest ha marcado, seg\u00fan los datos de la Asociaci\u00f3n Valenciana de Meteorolog\u00eda (Avamet), el m\u00e1ximo nocturno con rachas de hasta 126 km\/h. La barrera de los 100 km\/h tambi\u00e9n se ha superado en Confrides (118), Callosa d\u2019en Sarri\u00e0 (109), Finestrat (108), La Vila Joiosa (103), Altea o Benidorm (100).<\/p>  <p>Todo ello ha llevado a la ciudad de Benidorm ha decretar, a primera hora de esta ma\u00f1ana, el cierre de sus parques p\u00fablicos.<\/p>  <p>Adem\u00e1s, este episodio de vientos de poniente ha obligado a Emergencias de la Generalitat Valenciana a activar el riesgo \u201cextremo\u201d por peligro de incendios en toda la Marina Baixa (y la pr\u00e1ctica totalidad del territorio valenciano). Esto implica que queda totalmente prohibido hacer fuego en zona forestal, incluyendo quemas agr\u00edcolas, barbacoas y cualquier actividad que pueda generar llama o chispa.<\/p>  <p>Las autoridades comarcales han pedido la m\u00e1xima precauci\u00f3n a todos los vecinos y que se eviten en lo posible actividades al aire libre en zonas arboladas, \u00e1reas elevadas o espacios expuestos al viento. Adem\u00e1s, solicitan asegurar macetas, toldos, mobiliario de terrazas y cualquier objeto susceptible de ser desplazado por el viento as\u00ed como extremar la precauci\u00f3n al volante, especialmente en carreteras secundarias y al adelantar a veh\u00edculos de gran tama\u00f1o.<\/p>  <p><i>Noticia en actualizaci\u00f3n<\/i><\/p> ","protected":false},"excerpt":{"rendered":"<p>Varias localidades han amanecido con \u00e1rboles y objetos ca\u00eddos en la v\u00eda p\u00fablica | Se ha decretado el nivel \u00abextremo\u00bb de riesgo de incendios<\/p>\n","protected":false},"author":0,"featured_media":22380,"comment_status":"","ping_status":"open","sticky":false,"template":"","format":"standard","meta":{"_acf_changed":false,"footnotes":""},"categories":[1],"tags":[],"class_list":["post-22379","post","type-post","status-publish","format-standard","has-post-thumbnail","hentry","category-sin-categoria"],"acf":{"ser_id":"DBZRLWZCMFEKFDP4Q4OJAWYLIY","ser_url":"https:\/\/cadenaser.com\/comunitat-valenciana\/2026\/02\/12\/el-viento-roza-los-130-kmh-en-la-marina-baixa-radio-benidorm\/"},"_links":{"self":[{"href":"https:\/\/serbenidorm.daliisolutions.com\/index.php\/wp-json\/wp\/v2\/posts\/22379","targetHints":{"allow":["GET"]}}],"collection":[{"href":"https:\/\/serbenidorm.daliisolutions.com\/index.php\/wp-json\/wp\/v2\/posts"}],"about":[{"href":"https:\/\/serbenidorm.daliisolutions.com\/index.php\/wp-json\/wp\/v2\/types\/post"}],"replies":[{"embeddable":true,"href":"https:\/\/serbenidorm.daliisolutions.com\/index.php\/wp-json\/wp\/v2\/comments?post=22379"}],"version-history":[{"count":0,"href":"https:\/\/serbenidorm.daliisolutions.com\/index.php\/wp-json\/wp\/v2\/posts\/22379\/revisions"}],"wp:featuredmedia":[{"embeddable":true,"href":"https:\/\/serbenidorm.daliisolutions.com\/index.php\/wp-json\/wp\/v2\/media\/22380"}],"wp:attachment":[{"href":"https:\/\/serbenidorm.daliisolutions.com\/index.php\/wp-json\/wp\/v2\/media?parent=22379"}],"wp:term":[{"taxonomy":"category","embeddable":true,"href":"https:\/\/serbenidorm.daliisolutions.com\/index.php\/wp-json\/wp\/v2\/categories?post=22379"},{"taxonomy":"post_tag","embeddable":true,"href":"https:\/\/serbenidorm.daliisolutions.com\/index.php\/wp-json\/wp\/v2\/tags?post=22379"}],"curies":[{"name":"wp","href":"https:\/\/api.w.org\/{rel}","templated":true}]}}