{"id":22404,"date":"2026-02-13T07:11:17","date_gmt":"2026-02-13T06:11:17","guid":{"rendered":"https:\/\/serbenidorm.daliisolutions.com\/index.php\/2026\/02\/13\/el-benidorm-fest-elige-a-sus-ultimos-finalistas-estos-son-los-12-concursantes-que-lucharan-por-150-000-euros\/"},"modified":"2026-02-13T07:11:17","modified_gmt":"2026-02-13T06:11:17","slug":"el-benidorm-fest-elige-a-sus-ultimos-finalistas-estos-son-los-12-concursantes-que-lucharan-por-150-000-euros","status":"publish","type":"post","link":"https:\/\/serbenidorm.daliisolutions.com\/index.php\/2026\/02\/13\/el-benidorm-fest-elige-a-sus-ultimos-finalistas-estos-son-los-12-concursantes-que-lucharan-por-150-000-euros\/","title":{"rendered":"El Benidorm Fest elige a sus \u00faltimos finalistas: estos son los 12 concursantes que luchar\u00e1n por 150.000 euros"},"content":{"rendered":" <p>El <a href=\"https:\/\/cadenaser.com\/nacional\/2026\/02\/11\/rtve-obligada-a-pronunciarse-tras-la-marcha-de-una-concursante-en-plena-gala-del-benidorm-fest-cadena-ser\/\" target=\"_blank\" rel=\"nofollow\" title=\"https:\/\/cadenaser.com\/nacional\/2026\/02\/11\/rtve-obligada-a-pronunciarse-tras-la-marcha-de-una-concursante-en-plena-gala-del-benidorm-fest-cadena-ser\/\">Benidorm Fest<\/a> ya tiene a sus 12 finalistas que luchar\u00e1n por el premio de 150.000 euros. En el primer a\u00f1o de festival sin conexi\u00f3n con Eurovisi\u00f3n, p\u00fablico y jurado han emitido su veredicto y han enviado a la gran final a sus candidaturas preferidas. <\/p>  <p>Ha sido una segunda semifinal con mucho nivel, con puestas en escena que han demostrado la consolidaci\u00f3n del Benidorm Fest como un formato independiente y que apoya a los artistas independientes, los que llevan a sus espaldas una larga trayectoria y los que empiezan su paso por las tablas en Benidorm. <\/p>  <p>La gala la ha arrancado el exitoso Abraham Mateo con algunas de las canciones que no han dejado de sonar en todo el verano y que han puesto a bailar al Palau d&#8217;Esports L&#8217;Illa lleno hasta la \u00faltima grada. A modo de colof\u00f3n, Luz Casal ha interpretado algunas canciones que han sacado el lado m\u00e1s gamberro de una artista que es historia de la m\u00fasica espa\u00f1ola. <\/p>  <p>Javier Ambrossi y Jes\u00fas V\u00e1zquez, maestros de ceremonias de la quinta edici\u00f3n del Benidorm Fest, han lucido su gran complicidad frente a las c\u00e1maras y con un p\u00fablico absolutamente entregado al humor del guion y los chascarrillos de su presentadora m\u00e1s cr\u00edtica. In\u00e9s Hernand, apuesta de RTVE para atraer al p\u00fablico m\u00e1s joven, ha sacado a relucir sus ya cl\u00e1sicas frases: ha azotado a la clase pol\u00edtica, con un <a href=\"https:\/\/cadenaser.com\/comunitat-valenciana\/2026\/02\/12\/ines-hernand-rompe-el-benidorm-fest-con-su-reivindicacion-mas-directa-sobran-gilipollas-por-eso-hay-que-ir-a-votar-radio-benidorm\/\" target=\"_blank\" rel=\"nofollow\" title=\"https:\/\/cadenaser.com\/comunitat-valenciana\/2026\/02\/12\/ines-hernand-rompe-el-benidorm-fest-con-su-reivindicacion-mas-directa-sobran-gilipollas-por-eso-hay-que-ir-a-votar-radio-benidorm\/\">\u00absobran gilipollas, por eso hay que ir a votar\u00bb<\/a> que parece m\u00e1s que claro que va dedicado a la ultraderecha, y se ha acordado de la vivienda o el rey em\u00e9rito y su vida en Emiratos Arabes. <\/p>  <p>Ser\u00e1 el pr\u00f3ximo s\u00e1bado cuando, de nuevo, el p\u00fablico desde casa y los profesionales de la m\u00fasica que conforman el jurado presente en el recinto elijan qui\u00e9n merece ser el sucesor de Melody y se lleve la estatua de la sirenita que le nombre como nuevo ganador del certamen que organiza RTVE.<\/p>  <p>Estas son las 12 candidaturas que han pasado a la gran final:<\/p>  <iframe loading=\"lazy\" width=\"560\" height=\"315\" src=\"https:\/\/www.youtube.com\/embed\/CRixF_29R4Y?feature=oembed\" frameborder=\"0\" allow=\"accelerometer; autoplay; clipboard-write; encrypted-media; gyroscope; picture-in-picture; web-share\" allowfullscreen title=\"Tony Grox &amp; Lucycalys \u2013 \u201cT amar\u00e9\u201d | Benidorm Fest 2026 | Primera semifinal\"><\/iframe>  <iframe loading=\"lazy\" width=\"560\" height=\"315\" src=\"https:\/\/www.youtube.com\/embed\/9ApA2iua8-U?feature=oembed\" frameborder=\"0\" allow=\"accelerometer; autoplay; clipboard-write; encrypted-media; gyroscope; picture-in-picture; web-share\" allowfullscreen title=\"Izan Llunas \u2013 \u201c\u00bfQu\u00e9 vas a hacer?\u201d | Benidorm Fest 2026 | Primera semifinal\"><\/iframe>  <iframe loading=\"lazy\" width=\"560\" height=\"315\" src=\"https:\/\/www.youtube.com\/embed\/Tt_266YtNXY?feature=oembed\" frameborder=\"0\" allow=\"accelerometer; autoplay; clipboard-write; encrypted-media; gyroscope; picture-in-picture; web-share\" allowfullscreen title=\"KITAI \u2013 \u201cEl amor te da miedo\u201d | Benidorm Fest 2026 | Primera semifinal\"><\/iframe>  <iframe loading=\"lazy\" width=\"560\" height=\"315\" src=\"https:\/\/www.youtube.com\/embed\/vBKrGa6WlYs?feature=oembed\" frameborder=\"0\" allow=\"accelerometer; autoplay; clipboard-write; encrypted-media; gyroscope; picture-in-picture; web-share\" allowfullscreen title=\"Mikel Herzog Jr. \u2013 \u201cMi mitad\u201d | Benidorm Fest 2026 | Primera semifinal\"><\/iframe>  <iframe loading=\"lazy\" width=\"560\" height=\"315\" src=\"https:\/\/www.youtube.com\/embed\/3Iz2Cq63d4s?feature=oembed\" frameborder=\"0\" allow=\"accelerometer; autoplay; clipboard-write; encrypted-media; gyroscope; picture-in-picture; web-share\" allowfullscreen title=\"Mar\u00eda Le\u00f3n y Julia Medina \u2013 \u201cLas damas y el vagabundo\u201d | Benidorm Fest 2026 | Primera semifinal\"><\/iframe>  <iframe loading=\"lazy\" width=\"560\" height=\"315\" src=\"https:\/\/www.youtube.com\/embed\/QyWZwJEhPHc?feature=oembed\" frameborder=\"0\" allow=\"accelerometer; autoplay; clipboard-write; encrypted-media; gyroscope; picture-in-picture; web-share\" allowfullscreen title=\"Kenneth \u2013 \u201cLos ojos no mienten\u201d | Benidorm Fest 2026 | Primera semifinal\"><\/iframe>  <iframe loading=\"lazy\" width=\"560\" height=\"315\" src=\"https:\/\/www.youtube.com\/embed\/WuYYlDwMrx0?feature=oembed\" frameborder=\"0\" allow=\"accelerometer; autoplay; clipboard-write; encrypted-media; gyroscope; picture-in-picture; web-share\" allowfullscreen title=\"Miranda! &amp; Bailamam\u00e1 \u2013 \u201cDespierto am\u00e1ndote\u201d | Benidorm Fest 2026 | Segunda semifinal\"><\/iframe>  <iframe loading=\"lazy\" width=\"560\" height=\"315\" src=\"https:\/\/www.youtube.com\/embed\/U9dB5xNeJyc?feature=oembed\" frameborder=\"0\" allow=\"accelerometer; autoplay; clipboard-write; encrypted-media; gyroscope; picture-in-picture; web-share\" allowfullscreen title=\"Mayo \u2013 \u201cT\u00f3came\u201d | Benidorm Fest 2026 | Segunda semifinal\"><\/iframe>  <iframe loading=\"lazy\" width=\"560\" height=\"315\" src=\"https:\/\/www.youtube.com\/embed\/vMFlFlmde2I?feature=oembed\" frameborder=\"0\" allow=\"accelerometer; autoplay; clipboard-write; encrypted-media; gyroscope; picture-in-picture; web-share\" allowfullscreen title=\"Rosalinda Gal\u00e1n \u2013 \u201cMataora\u201d | Benidorm Fest 2026 | Segunda semifinal\"><\/iframe>  <iframe loading=\"lazy\" width=\"560\" height=\"315\" src=\"https:\/\/www.youtube.com\/embed\/pya8pBUIcAk?feature=oembed\" frameborder=\"0\" allow=\"accelerometer; autoplay; clipboard-write; encrypted-media; gyroscope; picture-in-picture; web-share\" allowfullscreen title=\"Dani J \u2013 \u201cBail\u00e1ndote\u201d | Benidorm Fest 2026 | Segunda semifinal\"><\/iframe>  <iframe loading=\"lazy\" width=\"560\" height=\"315\" src=\"https:\/\/www.youtube.com\/embed\/qQ8EIcp4smA?feature=oembed\" frameborder=\"0\" allow=\"accelerometer; autoplay; clipboard-write; encrypted-media; gyroscope; picture-in-picture; web-share\" allowfullscreen title=\"The Quinquis \u2013 \u201cT\u00fa no me quieres\u201d | Benidorm Fest 2026 | Segunda semifinal\"><\/iframe>  <iframe loading=\"lazy\" width=\"560\" height=\"315\" src=\"https:\/\/www.youtube.com\/embed\/tD3AkjEEolM?feature=oembed\" frameborder=\"0\" allow=\"accelerometer; autoplay; clipboard-write; encrypted-media; gyroscope; picture-in-picture; web-share\" allowfullscreen title=\"ASHA \u2013 \u201cTurista\u201d | Benidorm Fest 2026 | Segunda semifinal\"><\/iframe> ","protected":false},"excerpt":{"rendered":"<p>RTVE ha celebrado una segunda semifinal para cerrar el segundo filtro a sus participantes antes de la gran final del s\u00e1bado <\/p>\n","protected":false},"author":0,"featured_media":22405,"comment_status":"","ping_status":"open","sticky":false,"template":"","format":"standard","meta":{"_acf_changed":false,"footnotes":""},"categories":[1],"tags":[],"class_list":["post-22404","post","type-post","status-publish","format-standard","has-post-thumbnail","hentry","category-sin-categoria"],"acf":{"ser_id":"2W3Z5B663BAWPBFBDA5FHRPGKI","ser_url":"https:\/\/cadenaser.com\/comunitat-valenciana\/2026\/02\/13\/el-benidorm-fest-elige-a-sus-ultimos-finalistas-estos-son-los-12-concursantes-que-lucharan-por-150000-euros-radio-benidorm\/"},"_links":{"self":[{"href":"https:\/\/serbenidorm.daliisolutions.com\/index.php\/wp-json\/wp\/v2\/posts\/22404","targetHints":{"allow":["GET"]}}],"collection":[{"href":"https:\/\/serbenidorm.daliisolutions.com\/index.php\/wp-json\/wp\/v2\/posts"}],"about":[{"href":"https:\/\/serbenidorm.daliisolutions.com\/index.php\/wp-json\/wp\/v2\/types\/post"}],"replies":[{"embeddable":true,"href":"https:\/\/serbenidorm.daliisolutions.com\/index.php\/wp-json\/wp\/v2\/comments?post=22404"}],"version-history":[{"count":0,"href":"https:\/\/serbenidorm.daliisolutions.com\/index.php\/wp-json\/wp\/v2\/posts\/22404\/revisions"}],"wp:featuredmedia":[{"embeddable":true,"href":"https:\/\/serbenidorm.daliisolutions.com\/index.php\/wp-json\/wp\/v2\/media\/22405"}],"wp:attachment":[{"href":"https:\/\/serbenidorm.daliisolutions.com\/index.php\/wp-json\/wp\/v2\/media?parent=22404"}],"wp:term":[{"taxonomy":"category","embeddable":true,"href":"https:\/\/serbenidorm.daliisolutions.com\/index.php\/wp-json\/wp\/v2\/categories?post=22404"},{"taxonomy":"post_tag","embeddable":true,"href":"https:\/\/serbenidorm.daliisolutions.com\/index.php\/wp-json\/wp\/v2\/tags?post=22404"}],"curies":[{"name":"wp","href":"https:\/\/api.w.org\/{rel}","templated":true}]}}