{"id":22417,"date":"2026-02-13T11:43:42","date_gmt":"2026-02-13T10:43:42","guid":{"rendered":"https:\/\/serbenidorm.daliisolutions.com\/index.php\/2026\/02\/13\/felipe-orts-cierra-este-fin-de-semana-la-mejor-temporada-de-su-vida\/"},"modified":"2026-02-13T11:43:42","modified_gmt":"2026-02-13T10:43:42","slug":"felipe-orts-cierra-este-fin-de-semana-la-mejor-temporada-de-su-vida","status":"publish","type":"post","link":"https:\/\/serbenidorm.daliisolutions.com\/index.php\/2026\/02\/13\/felipe-orts-cierra-este-fin-de-semana-la-mejor-temporada-de-su-vida\/","title":{"rendered":"Felipe Orts cierra este fin de semana la mejor temporada de su vida"},"content":{"rendered":" <p>No fue su mejor resultado de siempre. Ni siquiera, el de la temporada que ahora acaba. Sin embargo, aquel podio m\u00e1gico logrado en Benidorm, donde fue tercero tras Mathieu Van der Poel y Thibau Nys, no s\u00f3lo elev\u00f3 a Felipe Orts a la categor\u00eda de \u2018local legend\u2019 (como le calific\u00f3 su compa\u00f1ero de equipo, Joris Nieuwenhuis); sino que, como reconoce el propio corredor de La Vila Joiosa, le hizo sentir, como nunca antes, el amor y la admiraci\u00f3n que tant\u00edsimos aficionados, no s\u00f3lo espa\u00f1oles, sienten por \u00e9l.<\/p>  <p>Este fin de semana Felipe Orts dar\u00e1 por cerrada la temporada 2025-2026 tomando parte en las pruebas belgas de Sint-Niklaas (s\u00e1bado) y Bruselas (domingo) donde tratar\u00e1 no s\u00f3lo de subir al podio, algo que ya se ha convertido en habitual en las \u00faltimas semanas; sino, sobre todo, de conseguir esa primera victoria en suelo belga que se le resiste tanto como la merece.<\/p>  <p>Antes de poner rumbo a B\u00e9lgica por \u00faltima vez esta temporada, Orts ha pasado por SER-Deportivos Marina Baixa para hacer balance de una campa\u00f1a que, pase lo que pase en estas dos \u00faltimas entregas de la saga, es ya la mejor de su carrera deportiva.<\/p> ","protected":false},"excerpt":{"rendered":"<p>El podio de Benidorm y un gran salto de calidad han asentado al de La Vila entre la nobleza del ciclismo invernal<\/p>\n","protected":false},"author":0,"featured_media":22418,"comment_status":"","ping_status":"open","sticky":false,"template":"","format":"standard","meta":{"_acf_changed":false,"footnotes":""},"categories":[16],"tags":[],"class_list":["post-22417","post","type-post","status-publish","format-standard","has-post-thumbnail","hentry","category-deportes"],"acf":{"ser_id":"XBY75A7ZFJGZLMLGO47DNBZKIM","ser_url":"https:\/\/cadenaser.com\/comunitat-valenciana\/2026\/02\/13\/felipe-orts-cierra-este-fin-de-semana-la-mejor-temporada-de-su-vida-radio-benidorm\/"},"_links":{"self":[{"href":"https:\/\/serbenidorm.daliisolutions.com\/index.php\/wp-json\/wp\/v2\/posts\/22417","targetHints":{"allow":["GET"]}}],"collection":[{"href":"https:\/\/serbenidorm.daliisolutions.com\/index.php\/wp-json\/wp\/v2\/posts"}],"about":[{"href":"https:\/\/serbenidorm.daliisolutions.com\/index.php\/wp-json\/wp\/v2\/types\/post"}],"replies":[{"embeddable":true,"href":"https:\/\/serbenidorm.daliisolutions.com\/index.php\/wp-json\/wp\/v2\/comments?post=22417"}],"version-history":[{"count":0,"href":"https:\/\/serbenidorm.daliisolutions.com\/index.php\/wp-json\/wp\/v2\/posts\/22417\/revisions"}],"wp:featuredmedia":[{"embeddable":true,"href":"https:\/\/serbenidorm.daliisolutions.com\/index.php\/wp-json\/wp\/v2\/media\/22418"}],"wp:attachment":[{"href":"https:\/\/serbenidorm.daliisolutions.com\/index.php\/wp-json\/wp\/v2\/media?parent=22417"}],"wp:term":[{"taxonomy":"category","embeddable":true,"href":"https:\/\/serbenidorm.daliisolutions.com\/index.php\/wp-json\/wp\/v2\/categories?post=22417"},{"taxonomy":"post_tag","embeddable":true,"href":"https:\/\/serbenidorm.daliisolutions.com\/index.php\/wp-json\/wp\/v2\/tags?post=22417"}],"curies":[{"name":"wp","href":"https:\/\/api.w.org\/{rel}","templated":true}]}}