{"id":22421,"date":"2026-02-13T11:43:43","date_gmt":"2026-02-13T10:43:43","guid":{"rendered":"https:\/\/serbenidorm.daliisolutions.com\/index.php\/2026\/02\/13\/el-baloncesto-benidorm-visita-la-cancha-del-adesavi\/"},"modified":"2026-02-13T11:43:43","modified_gmt":"2026-02-13T10:43:43","slug":"el-baloncesto-benidorm-visita-la-cancha-del-adesavi","status":"publish","type":"post","link":"https:\/\/serbenidorm.daliisolutions.com\/index.php\/2026\/02\/13\/el-baloncesto-benidorm-visita-la-cancha-del-adesavi\/","title":{"rendered":"El Baloncesto Benidorm visita la cancha del Adesavi"},"content":{"rendered":" <p>El Servigroup Baloncesto Benidorm visitar\u00e1 este domingo (12:00 horas) la cancha del Adesavi de San Vicente del Raspeig con motivo de la celebraci\u00f3n de la 18\u00aa jornada de liga en la Tercera FEB. Tras las important\u00edsimas victorias encadenadas ante Estudiantes de Cartagena, Montemar y, sobre todo, Sueca la pasada semana, los de Nico S\u00e1nchez tratar\u00e1n de asentar esa buena racha ante un equipo que les sigue a s\u00f3lo dos puntos de distancia y, sobre todo, con la vista puesta en seguir recortando distancias con Sueca y Torrent, sus dos principales rivales en la lucha por los puestos de promoci\u00f3n de ascenso.<\/p>  <p>El equipo benidormense parece haber dado con la tecla para sobreponerse a las bajas sufridas durante el pasado par\u00f3n invernal y sigue firme en una temporada de cierta refundaci\u00f3n que no ha hecho m\u00e1s que hacer crecer la ilusi\u00f3n conforme han ido pasando las jornadas.<\/p>  <p>Por su parte, en la Primera Nacional Femenina, el Terralf\u00e0s viajar\u00e1 este domingo (19:00 horas) a Molina de Segura para olvidar el tropiezo sufrido el pasado fin de semana en casa ante el intratable l\u00edder, un Lucentum Alicante que esta temporada est\u00e1 contando sus partidos por victorias.<\/p>  <p>Las de M\u00aa Carmen Burgos marchan terceras en la clasificaci\u00f3n con un partido menos que las inalcanzables alicantinas y, sobre todo, un Cartagena del que s\u00f3lo les separan cuatro puntos.<\/p>  <p>Las murcianas, por su parte, ocupan la novena posici\u00f3n y tambi\u00e9n vienen de perder en su \u00faltimo compromiso, en su caso ante el pen\u00faltimo clasificado, el Alcoy, por lo que las alfasinas tratar\u00e1n de hacer valer ese mal momento del Molina B\u00e0sket para sumar dos puntos m\u00e1s.<\/p> ","protected":false},"excerpt":{"rendered":"<p>El Terralf\u00e0s femenino se desplaza a Molina para reencontrarse con el triunfo<\/p>\n","protected":false},"author":0,"featured_media":22422,"comment_status":"","ping_status":"open","sticky":false,"template":"","format":"standard","meta":{"_acf_changed":false,"footnotes":""},"categories":[16],"tags":[],"class_list":["post-22421","post","type-post","status-publish","format-standard","has-post-thumbnail","hentry","category-deportes"],"acf":{"ser_id":"3EYVXRC4RBDCRMTKBATSLTUMK4","ser_url":"https:\/\/cadenaser.com\/comunitat-valenciana\/2026\/02\/13\/el-baloncesto-benidorm-visita-la-cancha-del-adesavi-radio-benidorm\/"},"_links":{"self":[{"href":"https:\/\/serbenidorm.daliisolutions.com\/index.php\/wp-json\/wp\/v2\/posts\/22421","targetHints":{"allow":["GET"]}}],"collection":[{"href":"https:\/\/serbenidorm.daliisolutions.com\/index.php\/wp-json\/wp\/v2\/posts"}],"about":[{"href":"https:\/\/serbenidorm.daliisolutions.com\/index.php\/wp-json\/wp\/v2\/types\/post"}],"replies":[{"embeddable":true,"href":"https:\/\/serbenidorm.daliisolutions.com\/index.php\/wp-json\/wp\/v2\/comments?post=22421"}],"version-history":[{"count":0,"href":"https:\/\/serbenidorm.daliisolutions.com\/index.php\/wp-json\/wp\/v2\/posts\/22421\/revisions"}],"wp:featuredmedia":[{"embeddable":true,"href":"https:\/\/serbenidorm.daliisolutions.com\/index.php\/wp-json\/wp\/v2\/media\/22422"}],"wp:attachment":[{"href":"https:\/\/serbenidorm.daliisolutions.com\/index.php\/wp-json\/wp\/v2\/media?parent=22421"}],"wp:term":[{"taxonomy":"category","embeddable":true,"href":"https:\/\/serbenidorm.daliisolutions.com\/index.php\/wp-json\/wp\/v2\/categories?post=22421"},{"taxonomy":"post_tag","embeddable":true,"href":"https:\/\/serbenidorm.daliisolutions.com\/index.php\/wp-json\/wp\/v2\/tags?post=22421"}],"curies":[{"name":"wp","href":"https:\/\/api.w.org\/{rel}","templated":true}]}}