{"id":22425,"date":"2026-02-13T13:12:12","date_gmt":"2026-02-13T12:12:12","guid":{"rendered":"https:\/\/serbenidorm.daliisolutions.com\/index.php\/2026\/02\/13\/los40-session-euroclub-para-calentar-la-final-del-benidorm-fest\/"},"modified":"2026-02-13T13:12:12","modified_gmt":"2026-02-13T12:12:12","slug":"los40-session-euroclub-para-calentar-la-final-del-benidorm-fest","status":"publish","type":"post","link":"https:\/\/serbenidorm.daliisolutions.com\/index.php\/2026\/02\/13\/los40-session-euroclub-para-calentar-la-final-del-benidorm-fest\/","title":{"rendered":"Los40 Session Euroclub para calentar la final del Benidorm Fest"},"content":{"rendered":" <p>El Benidorm Fest 2026 llega este s\u00e1bado por la noche a su final, y aunque las audiencias de televisi\u00f3n est\u00e1n siendo las m\u00e1s bajas de las cinco ediciones, la capital tur\u00edstica de la Comunitat Valenciana tiene este fin de semana un ambiente inmejorable. <\/p>  <p>Con el viento como banda sonora inesperada y sin billete a Eurovisi\u00f3n toca conocer al nuevo ganador de 150.000 euros y la Sirenita de Oro, gui\u00f1o al hist\u00f3rico Festival de la Canci\u00f3n de Benidorm.<\/p>  <p>No se habla de otra cosa en una ciudad repleta hoy de seguidores del festival que han dejado bares y restaurantes sin una mesa libre y los hoteles rondando el 90% de ocupaci\u00f3n. <\/p>  <p>A tener en cuenta la gran fiesta de Los 40 Session Euroclub desde las cinco y hasta las ocho de la tarde en la plaza del Ayuntamiento con <a href=\"https:\/\/cadenaser.com\/tag\/benidorm\/a\/\" target=\"_blank\" rel=\"nofollow\" title=\"https:\/\/cadenaser.com\/tag\/benidorm\/a\/\">Rafa Boix, Aitor Belda y San Bernardino<\/a> a los mandos. <\/p>  <p>La mejor previa para la gala de la final que emitir\u00e1 La 1 de TVE desde las diez de la noche desde el Palau d&#8217;Esports l&#8217;Illa y que, si no tienen entrada, podr\u00e1n seguir tambi\u00e9n en la pantalla gigante del Auditorio Julio Iglesias.<\/p> ","protected":false},"excerpt":{"rendered":"<p>Este s\u00e1bado desde las cinco de la tarde en la fan zone de la plaza del Ayuntamiento<\/p>\n","protected":false},"author":0,"featured_media":22426,"comment_status":"","ping_status":"open","sticky":false,"template":"","format":"standard","meta":{"_acf_changed":false,"footnotes":""},"categories":[1],"tags":[],"class_list":["post-22425","post","type-post","status-publish","format-standard","has-post-thumbnail","hentry","category-sin-categoria"],"acf":{"ser_id":"3Z4CJSR525AKJN5E6CQGMF2XNI","ser_url":"https:\/\/cadenaser.com\/comunitat-valenciana\/2026\/02\/13\/los40-session-euroclub-para-calentar-la-final-del-benidorm-fest-radio-benidorm\/"},"_links":{"self":[{"href":"https:\/\/serbenidorm.daliisolutions.com\/index.php\/wp-json\/wp\/v2\/posts\/22425","targetHints":{"allow":["GET"]}}],"collection":[{"href":"https:\/\/serbenidorm.daliisolutions.com\/index.php\/wp-json\/wp\/v2\/posts"}],"about":[{"href":"https:\/\/serbenidorm.daliisolutions.com\/index.php\/wp-json\/wp\/v2\/types\/post"}],"replies":[{"embeddable":true,"href":"https:\/\/serbenidorm.daliisolutions.com\/index.php\/wp-json\/wp\/v2\/comments?post=22425"}],"version-history":[{"count":0,"href":"https:\/\/serbenidorm.daliisolutions.com\/index.php\/wp-json\/wp\/v2\/posts\/22425\/revisions"}],"wp:featuredmedia":[{"embeddable":true,"href":"https:\/\/serbenidorm.daliisolutions.com\/index.php\/wp-json\/wp\/v2\/media\/22426"}],"wp:attachment":[{"href":"https:\/\/serbenidorm.daliisolutions.com\/index.php\/wp-json\/wp\/v2\/media?parent=22425"}],"wp:term":[{"taxonomy":"category","embeddable":true,"href":"https:\/\/serbenidorm.daliisolutions.com\/index.php\/wp-json\/wp\/v2\/categories?post=22425"},{"taxonomy":"post_tag","embeddable":true,"href":"https:\/\/serbenidorm.daliisolutions.com\/index.php\/wp-json\/wp\/v2\/tags?post=22425"}],"curies":[{"name":"wp","href":"https:\/\/api.w.org\/{rel}","templated":true}]}}