{"id":2243,"date":"2024-02-10T07:37:33","date_gmt":"2024-02-10T06:37:33","guid":{"rendered":"https:\/\/serbenidorm.daliisolutions.com\/index.php\/2024\/02\/10\/fin-de-semana-de-carnaval-en-benidorm-y-la-marina-baixa\/"},"modified":"2024-02-10T07:37:33","modified_gmt":"2024-02-10T06:37:33","slug":"fin-de-semana-de-carnaval-en-benidorm-y-la-marina-baixa","status":"publish","type":"post","link":"https:\/\/serbenidorm.daliisolutions.com\/index.php\/2024\/02\/10\/fin-de-semana-de-carnaval-en-benidorm-y-la-marina-baixa\/","title":{"rendered":"Fin de semana de Carnaval en Benidorm y la Marina Baixa"},"content":{"rendered":"  <p>Benidorm<\/p>   <p>Disfraces preparados con permiso del tiempo para llenar de color calles y plazas de toda la Marina Baixa. En <a href=\"https:\/\/cadenaser.com\/tag\/benidorm\/a\/\" target=\"_blank\" rel=\"noopener\">Benidorm<\/a> el s\u00e1bado por la ma\u00f1ana tendr\u00e1 lugar el desfile infantil. Los participantes se concentrar\u00e1n a las 10 horas en la calle Escuelas para comenzar la marcha media hora despu\u00e9s. La llegada ser\u00e1 en la Plaza del Ayuntamiento y posteriormente se proceder\u00e1 a la entrega de premios.<\/p>   <p>Por la tarde, a las 20,30 horas, ser\u00e1 la concentraci\u00f3n del desfile adulto, que se iniciar\u00e1 a las 21 desde la calle Venus y finalizar\u00e1 tambi\u00e9n en la plaza del Ayuntamiento. Una vez terminado el desfile se celebrar\u00e1 la ya <a href=\"https:\/\/cadenaser.com\/tag\/los_40_principales\/a\/\" target=\"_blank\" rel=\"noopener\">tradicional fiesta de Los 40 Benidorm con el Dj Aitor Belda<\/a> y en el transcurso de la misma se llevar\u00e1 a cabo la entrega de premios. El presidente de la Asociaci\u00f3n de Pe\u00f1as, Jaime Cort\u00e9s, ha invitado a todo el mundo a participar en los eventos y recuerda que la carpa instalada en la plaza contar\u00e1 con una barra de comida y bebida a precios populares.<\/p>  <p><p>M\u00e1s informaci\u00f3n<\/p><figure><img decoding=\"async\" src=\"https:\/\/cadenaser.com\/resizer\/5mQNnyp-JtVge4SmM-k71LT-P7s=\/650x366\/filters:quality(70)\/cloudfront-eu-central-1.images.arcpublishing.com\/prisaradio\/LWMAOSI2BZHVZBZCSBGFPWDSOY.jpg\" loading=\"lazy\" width=\"828\" height=\"621\" \/><\/figure><ul><li><a href=\"https:\/\/cadenaser.com\/comunitat-valenciana\/2024\/02\/08\/el-benidorm-fest-desembarca-en-sanremo-para-explorar-una-colaboracion-radio-benidorm\/\">El Benidorm Fest desembarca en Sanremo para explorar una colaboraci\u00f3n<\/a><\/li><\/ul><\/p>   <p>En <a href=\"https:\/\/cadenaser.com\/tag\/finestrat\/a\/\" target=\"_blank\" rel=\"noopener\">Finestrat<\/a>, tambi\u00e9n el s\u00e1bado, el desfile partir\u00e1 como novedad desde la Pla\u00e7a de l\u2019Ajuntament. Despu\u00e9s habr\u00e1 merienda, disco infantil y barra popular en la plaza de la Uni\u00f3n Europea. Para los j\u00f3venes y no tan j\u00f3venes tambi\u00e9n habr\u00e1 baile a partir de las once y media en la Sala Jove.<\/p>   <p>La lluvia y el viento cambian los planes en La Vila Joiosa y Altea<\/p>   <p>En <a href=\"https:\/\/cadenaser.com\/tag\/vila_joiosa\/a\/\" target=\"_blank\" rel=\"noopener\">La Vila Joiosa<\/a> las fiestas infantiles previstas en la tarde del viernes en los barrios de la Ermita y de la Cala se trasladan al parque de la Barbera debido a la previsi\u00f3n de posibles r\u00e1fagas de viento que podr\u00edan afectar a las atracciones hinchables.<\/p>   <p>Tambi\u00e9n hay cambio importante en <a href=\"https:\/\/cadenaser.com\/tag\/altea\/a\/\" target=\"_blank\" rel=\"noopener\">Altea<\/a> debido a la situaci\u00f3n meteorol\u00f3gica: La fiesta infantil del viernes se traslada al pr\u00f3ximo martes.<\/p> ","protected":false},"excerpt":{"rendered":"<p>El tiempo altera algunos planes y Benidorm celebra sus desfiles infantil y adulto el s\u00e1bado con la fiesta de Los 40 Benidorm como colof\u00f3n<\/p>\n","protected":false},"author":0,"featured_media":2244,"comment_status":"open","ping_status":"open","sticky":false,"template":"","format":"standard","meta":{"_acf_changed":false,"footnotes":""},"categories":[1],"tags":[],"class_list":["post-2243","post","type-post","status-publish","format-standard","has-post-thumbnail","hentry","category-sin-categoria"],"acf":{"ser_id":"NW7BHJZ2ORANZFG2DGEQRPKXWE","ser_url":"https:\/\/cadenaser.com\/comunitat-valenciana\/2024\/02\/09\/fin-de-semana-de-carnaval-en-benidorm-y-la-marina-baixa-radio-benidorm\/"},"_links":{"self":[{"href":"https:\/\/serbenidorm.daliisolutions.com\/index.php\/wp-json\/wp\/v2\/posts\/2243","targetHints":{"allow":["GET"]}}],"collection":[{"href":"https:\/\/serbenidorm.daliisolutions.com\/index.php\/wp-json\/wp\/v2\/posts"}],"about":[{"href":"https:\/\/serbenidorm.daliisolutions.com\/index.php\/wp-json\/wp\/v2\/types\/post"}],"replies":[{"embeddable":true,"href":"https:\/\/serbenidorm.daliisolutions.com\/index.php\/wp-json\/wp\/v2\/comments?post=2243"}],"version-history":[{"count":0,"href":"https:\/\/serbenidorm.daliisolutions.com\/index.php\/wp-json\/wp\/v2\/posts\/2243\/revisions"}],"wp:featuredmedia":[{"embeddable":true,"href":"https:\/\/serbenidorm.daliisolutions.com\/index.php\/wp-json\/wp\/v2\/media\/2244"}],"wp:attachment":[{"href":"https:\/\/serbenidorm.daliisolutions.com\/index.php\/wp-json\/wp\/v2\/media?parent=2243"}],"wp:term":[{"taxonomy":"category","embeddable":true,"href":"https:\/\/serbenidorm.daliisolutions.com\/index.php\/wp-json\/wp\/v2\/categories?post=2243"},{"taxonomy":"post_tag","embeddable":true,"href":"https:\/\/serbenidorm.daliisolutions.com\/index.php\/wp-json\/wp\/v2\/tags?post=2243"}],"curies":[{"name":"wp","href":"https:\/\/api.w.org\/{rel}","templated":true}]}}