{"id":22438,"date":"2026-02-13T19:33:01","date_gmt":"2026-02-13T18:33:01","guid":{"rendered":"https:\/\/serbenidorm.daliisolutions.com\/index.php\/2026\/02\/13\/guia-para-seguir-el-benidorm-fest-2026-finalistas-orden-de-actuacion-hora-y-donde-ver-la-gala-final\/"},"modified":"2026-02-13T19:33:01","modified_gmt":"2026-02-13T18:33:01","slug":"guia-para-seguir-el-benidorm-fest-2026-finalistas-orden-de-actuacion-hora-y-donde-ver-la-gala-final","status":"publish","type":"post","link":"https:\/\/serbenidorm.daliisolutions.com\/index.php\/2026\/02\/13\/guia-para-seguir-el-benidorm-fest-2026-finalistas-orden-de-actuacion-hora-y-donde-ver-la-gala-final\/","title":{"rendered":"Gu\u00eda para seguir el Benidorm Fest 2026: finalistas, orden de actuaci\u00f3n, hora y d\u00f3nde ver la gala final"},"content":{"rendered":" <p>El <a href=\"https:\/\/cadenaser.com\/comunitat-valenciana\/2026\/02\/12\/ines-hernand-rompe-el-benidorm-fest-con-su-reivindicacion-mas-directa-sobran-gilipollas-por-eso-hay-que-ir-a-votar-radio-benidorm\/\" target=\"_blank\" rel=\"nofollow\" title=\"https:\/\/cadenaser.com\/comunitat-valenciana\/2026\/02\/12\/ines-hernand-rompe-el-benidorm-fest-con-su-reivindicacion-mas-directa-sobran-gilipollas-por-eso-hay-que-ir-a-votar-radio-benidorm\/\">Benidorm Fest<\/a> 2026 llega a su fin. El festival encauza su recta final con los 12 finalistas elegidos por jurado y p\u00fablico en las dos semifinales celebradas esta semana. Una quinta edici\u00f3n del formato que por primera vez no est\u00e1 ligado a Eurovisi\u00f3n, pero que cambia su premio por una dotaci\u00f3n econ\u00f3mica de 150.000 euros, 100.000 para el artista y 50.000 para los compositores del tema.<\/p>  <p>Ser\u00e1 este s\u00e1bado a partir de las 22:00 horas cuando arranque la gran final en La 1 de <a href=\"https:\/\/cadenaser.com\/nacional\/2026\/02\/11\/rtve-obligada-a-pronunciarse-tras-la-marcha-de-una-concursante-en-plena-gala-del-benidorm-fest-cadena-ser\/\" target=\"_blank\" rel=\"nofollow\" title=\"https:\/\/cadenaser.com\/nacional\/2026\/02\/11\/rtve-obligada-a-pronunciarse-tras-la-marcha-de-una-concursante-en-plena-gala-del-benidorm-fest-cadena-ser\/\">RTVE<\/a> y que contar\u00e1 con las actuaciones de Chanel, Blanca Paloma, Nebulossa y <a href=\"https:\/\/cadenaser.com\/nacional\/2026\/02\/04\/melody-da-la-sorpresa-tras-su-polemica-con-rtve-volvera-al-benidorm-fest-un-ano-despues-de-ir-a-eurovision-cadena-ser\/\" target=\"_blank\" rel=\"nofollow\" title=\"https:\/\/cadenaser.com\/nacional\/2026\/02\/04\/melody-da-la-sorpresa-tras-su-polemica-con-rtve-volvera-al-benidorm-fest-un-ano-despues-de-ir-a-eurovision-cadena-ser\/\">Melody<\/a>, ganadoras de las primeras cuatro ediciones. Todas ellas, junto a nombres como el de Daniela Blasco, pondr\u00e1n la nota musical entre actuaciones de los participantes.<\/p>  <p>Los presentadores volver\u00e1n a ser Javier Ambrossi y Jes\u00fas V\u00e1zquez, con In\u00e9s Hernand bajo del escenario recogiendo a los artistas a pie de escalera.<\/p>  <p>RTVE ha dado a conocer este viernes en rueda de prensa el orden de actuaci\u00f3n en el que actuar\u00e1n las 12 candidaturas. Todo ello, configurado despu\u00e9s de un sorteo donde Nebulossa ha sacado aleatoriamente si la posici\u00f3n de los concursantes iba a ser en la primera mitad, la segunda o si la decisi\u00f3n reca\u00eda en la direcci\u00f3n art\u00edstica. Finalmente, ha quedado as\u00ed:<\/p>  <p>Otra de las dudas principales es qui\u00e9n y c\u00f3mo se elegir\u00e1 al ganador, ganadora o ganadores del Benidorm Fest. Una vez m\u00e1s, ser\u00e1 un acuerdo mutuo entre el p\u00fablico y un jurado profesional relacionado con el mundo de la m\u00fasica. <\/p>  <p>Un 50% del porcentaje total ser\u00e1 el voto emitido por los miembros del jurado, presidido por Roberto Santamar\u00eda y formado por Alicia Garc\u00eda, Almudena Heredero, Dani Ruiz, Ignacio Meyer, Javier Llano, Melanie Parejo y Sonia Dur\u00e1n Guarasa.<\/p>  <p>El otro 50% ir\u00e1 de las manos del p\u00fablico. Un 25% ser\u00e1 elegido por el televoto desde casa: las llamadas, mensajes y votos por la app gratuita de la audiencia que vote en directo. El otro 25% ser\u00e1 un jurado demosc\u00f3pico: una muestra recogida estad\u00edsticamente para conocer con rigor la opini\u00f3n de la sociedad espa\u00f1ola en conjunto.<\/p> ","protected":false},"excerpt":{"rendered":"<p>El festival elige este s\u00e1bado a su ganador con 12 candidaturas que luchar\u00e1n por el premio de 150.000 euros<\/p>\n","protected":false},"author":0,"featured_media":22439,"comment_status":"","ping_status":"open","sticky":false,"template":"","format":"standard","meta":{"_acf_changed":false,"footnotes":""},"categories":[1],"tags":[],"class_list":["post-22438","post","type-post","status-publish","format-standard","has-post-thumbnail","hentry","category-sin-categoria"],"acf":{"ser_id":"CC5Z7XDUJVHLRAQAHGLWLZX3YY","ser_url":"https:\/\/cadenaser.com\/comunitat-valenciana\/2026\/02\/13\/guia-para-seguir-el-benidorm-fest-2026-finalistas-orden-de-actuacion-hora-y-donde-ver-la-gala-final-radio-benidorm\/"},"_links":{"self":[{"href":"https:\/\/serbenidorm.daliisolutions.com\/index.php\/wp-json\/wp\/v2\/posts\/22438","targetHints":{"allow":["GET"]}}],"collection":[{"href":"https:\/\/serbenidorm.daliisolutions.com\/index.php\/wp-json\/wp\/v2\/posts"}],"about":[{"href":"https:\/\/serbenidorm.daliisolutions.com\/index.php\/wp-json\/wp\/v2\/types\/post"}],"replies":[{"embeddable":true,"href":"https:\/\/serbenidorm.daliisolutions.com\/index.php\/wp-json\/wp\/v2\/comments?post=22438"}],"version-history":[{"count":0,"href":"https:\/\/serbenidorm.daliisolutions.com\/index.php\/wp-json\/wp\/v2\/posts\/22438\/revisions"}],"wp:featuredmedia":[{"embeddable":true,"href":"https:\/\/serbenidorm.daliisolutions.com\/index.php\/wp-json\/wp\/v2\/media\/22439"}],"wp:attachment":[{"href":"https:\/\/serbenidorm.daliisolutions.com\/index.php\/wp-json\/wp\/v2\/media?parent=22438"}],"wp:term":[{"taxonomy":"category","embeddable":true,"href":"https:\/\/serbenidorm.daliisolutions.com\/index.php\/wp-json\/wp\/v2\/categories?post=22438"},{"taxonomy":"post_tag","embeddable":true,"href":"https:\/\/serbenidorm.daliisolutions.com\/index.php\/wp-json\/wp\/v2\/tags?post=22438"}],"curies":[{"name":"wp","href":"https:\/\/api.w.org\/{rel}","templated":true}]}}