{"id":22471,"date":"2026-02-15T14:59:27","date_gmt":"2026-02-15T13:59:27","guid":{"rendered":"https:\/\/serbenidorm.daliisolutions.com\/index.php\/2026\/02\/15\/tony-grox-y-lucycalys-ganan-el-benidorm-fest-2026\/"},"modified":"2026-02-15T14:59:27","modified_gmt":"2026-02-15T13:59:27","slug":"tony-grox-y-lucycalys-ganan-el-benidorm-fest-2026","status":"publish","type":"post","link":"https:\/\/serbenidorm.daliisolutions.com\/index.php\/2026\/02\/15\/tony-grox-y-lucycalys-ganan-el-benidorm-fest-2026\/","title":{"rendered":"Tony Grox y Lucycalys ganan el Benidorm Fest 2026"},"content":{"rendered":" <p>Tony Grox y Lucycalys y su <i>T amar\u00e9<\/i> ha ganado el <a href=\"https:\/\/cadenaser.com\/comunitat-valenciana\/2026\/02\/11\/perez-llorca-se-compromete-con-el-futuro-del-benidorm-fest-y-se-reunira-en-breve-con-rtve-radio-benidorm\/\" target=\"_blank\" rel=\"nofollow\" title=\"https:\/\/cadenaser.com\/comunitat-valenciana\/2026\/02\/11\/perez-llorca-se-compromete-con-el-futuro-del-benidorm-fest-y-se-reunira-en-breve-con-rtve-radio-benidorm\/\">Benidorm Fest<\/a> en su quinta edici\u00f3n, la primera sin estar unido a Eurovisi\u00f3n y sin que el premio sea representar a Espa\u00f1a en el festival de la canci\u00f3n. Este 2026, RTVE entrega a modo de premio una cuant\u00eda de 150.000 euros (100.000 al artista y 50.000 a los compositores) y ha cambiado el trofeo: se ha recuperado la sirenita de oro que se daba en su d\u00eda en el Festival de la Canci\u00f3n de Benidorm.<\/p>  <p>El d\u00fao cuenta en su canci\u00f3n toda una declaraci\u00f3n de amor que, sin duda, ser\u00e1 una de las canciones que nos acompa\u00f1ar\u00e1n este a\u00f1o y este verano. <i>T amar\u00e9<\/i> canta a la amistad, a la familia, al amor propio y es el mensaje elegido por jurado y p\u00fablico para pasar a la historia del festival. <\/p>  <p>Las votaciones del jurado dejaban el ranking con Asha a la cabeza con 92 puntos, seguida de Tony Grox &amp; Lucycalys con 82 puntos e Izan Llunas con 71 puntos. Una vez desvelado el voto demosc\u00f3pico, el top tres lo ocupaban Asha (120), Izan Llunas (119) y Tony Grox &amp; Lucycalys (118). Finalmente, el p\u00fablico ha dado la victoria a Tony Grox y Lucycalys, que han sumado otros 48 puntos, seguidos de Asha y Rosalinda Gal\u00e1n.<\/p>  <p>Una gala final abierta por <a href=\"https:\/\/cadenaser.com\/comunitat-valenciana\/2026\/02\/14\/sorpresa-con-las-primeras-palabras-de-melody-a-rtve-en-plena-final-del-benidorm-fest-quiero-decirlo-radio-benidorm\/\" target=\"_blank\" rel=\"nofollow\" title=\"https:\/\/cadenaser.com\/comunitat-valenciana\/2026\/02\/14\/sorpresa-con-las-primeras-palabras-de-melody-a-rtve-en-plena-final-del-benidorm-fest-quiero-decirlo-radio-benidorm\/\">Melody<\/a> recuperando el tema que le otorg\u00f3 la victoria el pasado 2025 y con el que rompi\u00f3 las fronteras: <i>Esa diva<\/i>. La cantante ha puesto en pie al p\u00fablico con una puesta en escena muy intensa y donde ha llevado a la intimidad una de sus canciones m\u00e1s rompedoras. <i>El apag\u00f3n<\/i> y <i>Alarma<\/i> han sido otras dos canciones que han formado parte de la apertura, uno de los momentos m\u00e1s esperados por la audiencia. <\/p>  <blockquote class=\"twitter-tweet\"><p lang=\"es\" dir=\"ltr\">DIVA ALERT \ud83d\udc51<br><br>\ud83c\udf2a\ufe0f Melody (<a href=\"https:\/\/twitter.com\/soyyomelody?ref_src=twsrc%5Etfw\">@soyyomelody<\/a>) vuelve al <a href=\"https:\/\/twitter.com\/hashtag\/BenidormFestFinal?src=hash&amp;ref_src=twsrc%5Etfw\">#BenidormFestFinal<\/a> con m\u00e1s fuerza que un hurac\u00e1n.<a href=\"https:\/\/twitter.com\/hashtag\/BenidormFest2026?src=hash&amp;ref_src=twsrc%5Etfw\">#BenidormFest2026<\/a><a href=\"https:\/\/t.co\/ckp4w3SCnq\">pic.twitter.com\/ckp4w3SCnq<\/a><\/p>&mdash; Benidorm Fest (@BenidormFestTVE) <a href=\"https:\/\/twitter.com\/BenidormFestTVE\/status\/2022780639729107301?ref_src=twsrc%5Etfw\">February 14, 2026<\/a><\/blockquote>\n&lt;\/script&gt;\n\n  <p>El cartel de invitados lo han completado las otras ganadoras de las anteriores ediciones del Benidorm Fest: Chanel, Blanca Paloma y Nebulossa. <\/p>  <p>Tambi\u00e9n la vuelta de exparticipantes como Agoney, Daniela Blasco, Alm\u00e1cor y Jorge Gonz\u00e1lez. Todos juntos han ofrecido un homenaje a la historia del Benidorm Fest justo en el a\u00f1o en que Espa\u00f1a ha salido de Eurovisi\u00f3n por la presencia de Israel en el cartel de pa\u00edses participantes. <\/p>  <blockquote class=\"twitter-tweet\"><p lang=\"es\" dir=\"ltr\">ERES T\u00da&#8230;.\u2764\ufe0f<br><br>QU\u00c9 MOMENTAZO acabamos de vivir en el escenario del <a href=\"https:\/\/twitter.com\/hashtag\/BenidormFest2026?src=hash&amp;ref_src=twsrc%5Etfw\">#BenidormFest2026<\/a> <a href=\"https:\/\/twitter.com\/hashtag\/BenidormFestFinal?src=hash&amp;ref_src=twsrc%5Etfw\">#BenidormFestFinal<\/a> <a href=\"https:\/\/t.co\/V5NW9zjLmh\">https:\/\/t.co\/V5NW9zjLmh<\/a> <a href=\"https:\/\/t.co\/TbGqDuXAh7\">pic.twitter.com\/TbGqDuXAh7<\/a><\/p>&mdash; La 1 (@La1_tve) <a href=\"https:\/\/twitter.com\/La1_tve\/status\/2022813177948320182?ref_src=twsrc%5Etfw\">February 14, 2026<\/a><\/blockquote>\n&lt;\/script&gt;\n\n  <p>Adem\u00e1s del premio principal, la organizaci\u00f3n ha otorgado otros dos premios simb\u00f3licos: el primero, un viaje a Estocolmo (Suecia) para grabar un single en el estudio insignia de Spotify, que ha ido para Asha por su estupenda puesta en pie de <i>Turista<\/i>. <\/p>  <p>El segundo premio consiste en grabar un tema y en ir de gira de promoci\u00f3n por medios de Latinoam\u00e9rica de la mano de Univisi\u00f3n, que se han llevado tambi\u00e9n Tony Grox y Lucycalys por su \u00e9xito con <i>T amar\u00e9<\/i>. <\/p>  <p><\/p> ","protected":false},"excerpt":{"rendered":"<p>El festival cierra su quinta edici\u00f3n con un homenaje al formato tras soltar la mano a Eurovisi\u00f3n y con el esperado regreso de Melody<\/p>\n","protected":false},"author":0,"featured_media":22472,"comment_status":"","ping_status":"open","sticky":false,"template":"","format":"standard","meta":{"_acf_changed":false,"footnotes":""},"categories":[1],"tags":[],"class_list":["post-22471","post","type-post","status-publish","format-standard","has-post-thumbnail","hentry","category-sin-categoria"],"acf":{"ser_id":"IX3WSMK2O5AW7DG4MDZN7RI4XI","ser_url":"https:\/\/cadenaser.com\/comunitat-valenciana\/2026\/02\/15\/tony-grox-y-lucycalys-ganan-el-benidorm-fest-2026-radio-benidorm\/"},"_links":{"self":[{"href":"https:\/\/serbenidorm.daliisolutions.com\/index.php\/wp-json\/wp\/v2\/posts\/22471","targetHints":{"allow":["GET"]}}],"collection":[{"href":"https:\/\/serbenidorm.daliisolutions.com\/index.php\/wp-json\/wp\/v2\/posts"}],"about":[{"href":"https:\/\/serbenidorm.daliisolutions.com\/index.php\/wp-json\/wp\/v2\/types\/post"}],"replies":[{"embeddable":true,"href":"https:\/\/serbenidorm.daliisolutions.com\/index.php\/wp-json\/wp\/v2\/comments?post=22471"}],"version-history":[{"count":0,"href":"https:\/\/serbenidorm.daliisolutions.com\/index.php\/wp-json\/wp\/v2\/posts\/22471\/revisions"}],"wp:featuredmedia":[{"embeddable":true,"href":"https:\/\/serbenidorm.daliisolutions.com\/index.php\/wp-json\/wp\/v2\/media\/22472"}],"wp:attachment":[{"href":"https:\/\/serbenidorm.daliisolutions.com\/index.php\/wp-json\/wp\/v2\/media?parent=22471"}],"wp:term":[{"taxonomy":"category","embeddable":true,"href":"https:\/\/serbenidorm.daliisolutions.com\/index.php\/wp-json\/wp\/v2\/categories?post=22471"},{"taxonomy":"post_tag","embeddable":true,"href":"https:\/\/serbenidorm.daliisolutions.com\/index.php\/wp-json\/wp\/v2\/tags?post=22471"}],"curies":[{"name":"wp","href":"https:\/\/api.w.org\/{rel}","templated":true}]}}