{"id":22484,"date":"2026-02-15T17:29:18","date_gmt":"2026-02-15T16:29:18","guid":{"rendered":"https:\/\/serbenidorm.daliisolutions.com\/index.php\/2026\/02\/15\/tony-grox-y-lucycalys-coinciden-en-que-van-a-gastarse-el-dinero-del-premio-tras-ganar-el-benidorm-fest-2026\/"},"modified":"2026-02-15T17:29:18","modified_gmt":"2026-02-15T16:29:18","slug":"tony-grox-y-lucycalys-coinciden-en-que-van-a-gastarse-el-dinero-del-premio-tras-ganar-el-benidorm-fest-2026","status":"publish","type":"post","link":"https:\/\/serbenidorm.daliisolutions.com\/index.php\/2026\/02\/15\/tony-grox-y-lucycalys-coinciden-en-que-van-a-gastarse-el-dinero-del-premio-tras-ganar-el-benidorm-fest-2026\/","title":{"rendered":"Tony Grox y Lucycalys coinciden en qu\u00e9 van a gastarse el dinero del premio tras ganar el Benidorm Fest 2026"},"content":{"rendered":" <p><a href=\"https:\/\/cadenaser.com\/comunitat-valenciana\/2026\/02\/15\/tony-grox-y-lucycalys-ganan-el-benidorm-fest-2026-radio-benidorm\/\" target=\"_blank\" rel=\"nofollow\" title=\"https:\/\/cadenaser.com\/comunitat-valenciana\/2026\/02\/15\/tony-grox-y-lucycalys-ganan-el-benidorm-fest-2026-radio-benidorm\/\">Tony Grox y Lucycalys<\/a> se coronaron este s\u00e1bado como flamantes ganadores del <a href=\"https:\/\/cadenaser.com\/comunitat-valenciana\/2026\/02\/14\/el-inesperado-gesto-de-rtve-en-pleno-benidorm-fest-para-decir-adios-a-eurovision-pelos-de-punta-radio-benidorm\/\" target=\"_blank\" rel=\"nofollow\" title=\"https:\/\/cadenaser.com\/comunitat-valenciana\/2026\/02\/14\/el-inesperado-gesto-de-rtve-en-pleno-benidorm-fest-para-decir-adios-a-eurovision-pelos-de-punta-radio-benidorm\/\">Benidorm Fest 2026<\/a>. El d\u00fao arras\u00f3 en la final de la quinta edici\u00f3n con su tema <i>T amar\u00e9,<\/i> logrando un masivo apoyo del p\u00fablico: del total de 46.000 votos recibidos, hasta 11.000 fueron para ellos. La puntuaci\u00f3n del jurado y el voto demosc\u00f3pico fueron clave para convertir su candidatura en la sucesora de <i>Esa diva<\/i> de Melody. <\/p>  <p>Horas despu\u00e9s de su triunfo en el festival, Tony y Lucy atienden a la Cadena SER para confesar sus primeras impresiones y, entre otras cosas, desvelar en qu\u00e9 van a gastarse los 150.000 euros de premio que otorga este a\u00f1o RTVE a causa de la salida de Espa\u00f1a de Eurovisi\u00f3n. <\/p>  <p>Y es que, lejos de pensar primero en alg\u00fan capricho, viaje o, por ejemplo, invertirlo en la compra de una vivienda o un coche, ambos han coincidido en que lo que se repartan del premio va a ir destinado a sus carreras profesionales y su m\u00fasica. <\/p>  <p>Tony y Lucy tambi\u00e9n han contado ante los medios que han dormido muy poco por los nervios y que no han logrado descansar todav\u00eda. \u00abIntentaba dormirme, pero de manera involuntaria ten\u00eda el <i>T amar\u00e9<\/i> en la cabeza. Llegu\u00e9 a las cuatro de la ma\u00f1ana y me consegu\u00ed dormir, pero muy poco\u00bb, ha afirmado Lucy. <\/p>  <p>\u00abAhora lo importante es disfrutarlo y hacerlo con el coraz\u00f3n. Esto es lo que llevo so\u00f1ando much\u00edsimos a\u00f1os\u00bb, ha a\u00f1adido la vocalista del d\u00fao, que ha afirmado seguir en shock. \u00abSigo siendo la misma que hace un mes. Estamos en constante cambio, pero espero que me sirva para un crecimiento brutal, personal y de aprendizaje en la industria. Estoy empezando, pero tengo al mejor maestro del mundo, estoy muy bien acompa\u00f1ada\u00bb, ha dicho, sobre su compa\u00f1ero de viaje. <\/p>  <iframe loading=\"lazy\" width=\"560\" height=\"315\" src=\"https:\/\/www.youtube.com\/embed\/sfdTK0Tyc4s?feature=oembed\" frameborder=\"0\" allow=\"accelerometer; autoplay; clipboard-write; encrypted-media; gyroscope; picture-in-picture; web-share\" allowfullscreen title=\"Tony Grox &amp; LUCYCALYS \u2013 \u201cT AMAR\u00c9\u201d | Benidorm Fest 2026 | FINAL\"><\/iframe> ","protected":false},"excerpt":{"rendered":"<p>El d\u00fao ganador del festival atiende a la Cadena SER horas despu\u00e9s de lograr la victoria con su tema &#8216;T amar\u00e9&#8217; <\/p>\n","protected":false},"author":0,"featured_media":22485,"comment_status":"","ping_status":"open","sticky":false,"template":"","format":"standard","meta":{"_acf_changed":false,"footnotes":""},"categories":[1],"tags":[],"class_list":["post-22484","post","type-post","status-publish","format-standard","has-post-thumbnail","hentry","category-sin-categoria"],"acf":{"ser_id":"O3F35R7HVJDMVAH3E6QALTCXWE","ser_url":"https:\/\/cadenaser.com\/comunitat-valenciana\/2026\/02\/15\/tony-grox-y-lucycalys-coinciden-en-que-van-a-gastarse-el-dinero-del-premio-tras-ganar-el-benidorm-fest-2026-radio-benidorm\/"},"_links":{"self":[{"href":"https:\/\/serbenidorm.daliisolutions.com\/index.php\/wp-json\/wp\/v2\/posts\/22484","targetHints":{"allow":["GET"]}}],"collection":[{"href":"https:\/\/serbenidorm.daliisolutions.com\/index.php\/wp-json\/wp\/v2\/posts"}],"about":[{"href":"https:\/\/serbenidorm.daliisolutions.com\/index.php\/wp-json\/wp\/v2\/types\/post"}],"replies":[{"embeddable":true,"href":"https:\/\/serbenidorm.daliisolutions.com\/index.php\/wp-json\/wp\/v2\/comments?post=22484"}],"version-history":[{"count":0,"href":"https:\/\/serbenidorm.daliisolutions.com\/index.php\/wp-json\/wp\/v2\/posts\/22484\/revisions"}],"wp:featuredmedia":[{"embeddable":true,"href":"https:\/\/serbenidorm.daliisolutions.com\/index.php\/wp-json\/wp\/v2\/media\/22485"}],"wp:attachment":[{"href":"https:\/\/serbenidorm.daliisolutions.com\/index.php\/wp-json\/wp\/v2\/media?parent=22484"}],"wp:term":[{"taxonomy":"category","embeddable":true,"href":"https:\/\/serbenidorm.daliisolutions.com\/index.php\/wp-json\/wp\/v2\/categories?post=22484"},{"taxonomy":"post_tag","embeddable":true,"href":"https:\/\/serbenidorm.daliisolutions.com\/index.php\/wp-json\/wp\/v2\/tags?post=22484"}],"curies":[{"name":"wp","href":"https:\/\/api.w.org\/{rel}","templated":true}]}}