{"id":22489,"date":"2026-02-16T10:32:44","date_gmt":"2026-02-16T09:32:44","guid":{"rendered":"https:\/\/serbenidorm.daliisolutions.com\/index.php\/2026\/02\/16\/fallece-maria-luz-navarro-concejala-del-psoe-en-benidorm-a-los-63-anos\/"},"modified":"2026-02-16T10:32:44","modified_gmt":"2026-02-16T09:32:44","slug":"fallece-maria-luz-navarro-concejala-del-psoe-en-benidorm-a-los-63-anos","status":"publish","type":"post","link":"https:\/\/serbenidorm.daliisolutions.com\/index.php\/2026\/02\/16\/fallece-maria-luz-navarro-concejala-del-psoe-en-benidorm-a-los-63-anos\/","title":{"rendered":"Fallece Mar\u00eda Luz Navarro, concejala del PSOE en Benidorm, a los 63 a\u00f1os"},"content":{"rendered":" <p>La concejala del PSPV-PSOE en el Ayuntamiento de Benidorm, Mar\u00eda Luz Navarro Fuster, ha fallecido a causa de un c\u00e1ncer. Su velatorio ser\u00e1 este lunes, a partir de mediod\u00eda, en la sala n\u00famero 4 del tanatorio de La Vila Joiosa. El martes a las 12h. tendr\u00e1 lugar el funeral en el mismo tanatorio.<\/p>  <p>Nacida en Benidorm en 1962 en el seno de una familia humilde, Navarro siempre manifest\u00f3 una gran cercan\u00eda con todos aquellos asuntos relacionados con las tradiciones, la cultura y los or\u00edgenes de Benidorm. Ha sido miembro de la penya La Soca, de la Comissi\u00f3 de Festes Majors Patronals y de la Associaci\u00f3 de Penyes. <\/p>  <p>Tambi\u00e9n fue fundadora de las fiestas de Santa Anna, cuando se recuper\u00f3, as\u00ed como su presidenta. <a href=\"https:\/\/cadenaser.com\/tag\/benidorm\/a\/\" target=\"_blank\" rel=\"nofollow\" title=\"https:\/\/cadenaser.com\/tag\/benidorm\/a\/\">Se integr\u00f3 desde sus or\u00edgenes en el Grup Carta de Poblament, que celebra cada a\u00f1o el otorgamiento de la Carta Pobla por parte del almirante Bernat de Sarri\u00e0 a Benidorm<\/a>, y ejerci\u00f3 de presidenta de esta entidad. <\/p>  <p>Uno de los \u00faltimos actos en los que particip\u00f3 fue precisamente el acto central de conmemoraci\u00f3n del 700 aniversario de Benidorm, el pasado 10 de mayo, en la pla\u00e7a de Sant Jaume i Santa Anna: \u00abA pesar de encontrarse ya enferma, Mariluz, movida por una enorme ilusi\u00f3n, realiz\u00f3 el esfuerzo para estar presente en el acto, arropada de quienes m\u00e1s la quer\u00edan\u00bb, ha destacado su grupo municipal.<\/p>  <p>Militante de base del PSPV-PSOE de Benidorm, ejerci\u00f3 de secretaria de Alcald\u00eda durante el mandato de Agust\u00edn Navarro, a quien le un\u00eda una profunda amistad desde la infancia. En 2019 se incorpor\u00f3 a la candidatura oficial del PSOE a las elecciones municipales, resultando elegida concejal, una responsabilidad que renov\u00f3 en 2023 en la candidatura liderada por Cristina Escoda. <\/p>  <p>De forma paralela ha formado parte de las ejecutivas locales del PSPV desde 2022, as\u00ed como del PSPV comarcal. En 2022 y 2023 ejerci\u00f3 de portavoz adjunta del Grupo Municipal Socialista. <\/p> ","protected":false},"excerpt":{"rendered":"<p>El c\u00e1ncer la mantuvo alejada de la primera l\u00ednea desde noviembre del 2024<\/p>\n","protected":false},"author":0,"featured_media":22490,"comment_status":"","ping_status":"open","sticky":false,"template":"","format":"standard","meta":{"_acf_changed":false,"footnotes":""},"categories":[1],"tags":[],"class_list":["post-22489","post","type-post","status-publish","format-standard","has-post-thumbnail","hentry","category-sin-categoria"],"acf":{"ser_id":"VNF72FU2OZHTTMFDCFQH3AIRVQ","ser_url":"https:\/\/cadenaser.com\/comunitat-valenciana\/2026\/02\/16\/fallece-maria-luz-navarro-concejala-del-psoe-en-benidorm-a-los-63-anos-radio-benidorm\/"},"_links":{"self":[{"href":"https:\/\/serbenidorm.daliisolutions.com\/index.php\/wp-json\/wp\/v2\/posts\/22489","targetHints":{"allow":["GET"]}}],"collection":[{"href":"https:\/\/serbenidorm.daliisolutions.com\/index.php\/wp-json\/wp\/v2\/posts"}],"about":[{"href":"https:\/\/serbenidorm.daliisolutions.com\/index.php\/wp-json\/wp\/v2\/types\/post"}],"replies":[{"embeddable":true,"href":"https:\/\/serbenidorm.daliisolutions.com\/index.php\/wp-json\/wp\/v2\/comments?post=22489"}],"version-history":[{"count":0,"href":"https:\/\/serbenidorm.daliisolutions.com\/index.php\/wp-json\/wp\/v2\/posts\/22489\/revisions"}],"wp:featuredmedia":[{"embeddable":true,"href":"https:\/\/serbenidorm.daliisolutions.com\/index.php\/wp-json\/wp\/v2\/media\/22490"}],"wp:attachment":[{"href":"https:\/\/serbenidorm.daliisolutions.com\/index.php\/wp-json\/wp\/v2\/media?parent=22489"}],"wp:term":[{"taxonomy":"category","embeddable":true,"href":"https:\/\/serbenidorm.daliisolutions.com\/index.php\/wp-json\/wp\/v2\/categories?post=22489"},{"taxonomy":"post_tag","embeddable":true,"href":"https:\/\/serbenidorm.daliisolutions.com\/index.php\/wp-json\/wp\/v2\/tags?post=22489"}],"curies":[{"name":"wp","href":"https:\/\/api.w.org\/{rel}","templated":true}]}}