{"id":22501,"date":"2026-02-16T14:52:49","date_gmt":"2026-02-16T13:52:49","guid":{"rendered":"https:\/\/serbenidorm.daliisolutions.com\/index.php\/2026\/02\/16\/hosbec-cifra-en-un-88-la-ocupacion-del-fin-de-semana-del-benidorm-fest-y-consolida-el-tiron-turistico-del-evento\/"},"modified":"2026-02-16T14:52:49","modified_gmt":"2026-02-16T13:52:49","slug":"hosbec-cifra-en-un-88-la-ocupacion-del-fin-de-semana-del-benidorm-fest-y-consolida-el-tiron-turistico-del-evento","status":"publish","type":"post","link":"https:\/\/serbenidorm.daliisolutions.com\/index.php\/2026\/02\/16\/hosbec-cifra-en-un-88-la-ocupacion-del-fin-de-semana-del-benidorm-fest-y-consolida-el-tiron-turistico-del-evento\/","title":{"rendered":"Hosbec cifra en un 88% la ocupaci\u00f3n del fin de semana del Benidorm Fest y consolida el tir\u00f3n tur\u00edstico del evento"},"content":{"rendered":" <p>La directora ejecutiva de Hosbec, Mayte Garc\u00eda, ha hecho balance en <a href=\"https:\/\/radiobenidorm.es\" target=\"_blank\" rel=\"nofollow\" title=\"https:\/\/radiobenidorm.es\">Hoy por Hoy Benidorm<\/a> del impacto tur\u00edstico del Benidorm Fest en Benidorm y ha confirmado que el fin de semana de la final se cerr\u00f3 con una ocupaci\u00f3n media cercana al 88%, rozando el lleno t\u00e9cnico del 90%. Durante la semana, las cifras se movieron en niveles similares a los del pasado a\u00f1o, con picos destacados coincidiendo con las semifinales del martes y el jueves.<\/p>  <p>Seg\u00fan Garc\u00eda, las previsiones iniciales para la semana apuntaban a resultados parecidos a los de la edici\u00f3n anterior, pero las reservas se consolidaron en los \u00faltimos d\u00edas, impulsando especialmente el tramo final del certamen. El perfil mayoritario fue el cliente nacional, muy fidelizado y con las fechas del festival ya marcadas en su agenda, aunque tambi\u00e9n hubo reservas de \u00faltima hora.<\/p>  <p>Desde la patronal hotelera subrayan que esta quinta edici\u00f3n ha supuesto la consolidaci\u00f3n definitiva del evento con identidad propia, m\u00e1s all\u00e1 de su vinculaci\u00f3n con el Festival de la Canci\u00f3n de Eurovisi\u00f3n. Garc\u00eda considera que el espect\u00e1culo ha dado un salto cualitativo en producci\u00f3n y organizaci\u00f3n, generando adem\u00e1s un importante impacto econ\u00f3mico, con m\u00e1s de un millar de empleos directos y alrededor de 1.500 indirectos vinculados al montaje y desarrollo del certamen.<\/p>  <p>El cambio de fechas, trasladando el festival de finales de enero a febrero y haci\u00e9ndolo coincidir con celebraciones como San Valent\u00edn y el Carnaval, tambi\u00e9n ha sido valorado en clave positiva. Aunque las fechas ideales, desde el punto de vista tur\u00edstico, ser\u00edan los huecos entre grandes celebraciones del calendario, Hosbec considera que el evento sigue siendo un potente elemento desestacionalizador en ambos meses.<\/p>  <p>En cuanto a la ausencia de Espa\u00f1a en la pr\u00f3xima edici\u00f3n de Eurovisi\u00f3n y el hecho de que el ganador del Benidorm Fest no acuda al certamen europeo, Garc\u00eda reconoce que puede afectar a un segmento muy concreto: los eurofans que viajaban a la ciudad para seguir la gala en pantallas gigantes y participar en las fiestas del Euroclub. No obstante, apuesta por \u201cdejarse sorprender\u201d y conf\u00eda en que Benidorm mantenga su propia fiesta de la m\u00fasica, apoy\u00e1ndose en el potencial ya demostrado por el festival.<\/p>  <p>La directora ejecutiva de Hosbec insiste en que el Benidorm Fest ha adquirido entidad suficiente como para seguir atrayendo visitantes por s\u00ed mismo. La repercusi\u00f3n medi\u00e1tica y el posicionamiento como \u201ccapital de la m\u00fasica\u201d refuerzan la marca destino y contribuyen a mantener la ciudad en el radar de futuros viajeros y productores.<\/p>  <p>De cara a la primavera, las perspectivas son moderadamente optimistas. Aunque Garc\u00eda admite que el invierno est\u00e1 siendo complejo a nivel meteorol\u00f3gico y socioecon\u00f3mico y que algunos mercados se muestran m\u00e1s \u201cperezosos\u201d, el mercado brit\u00e1nico mantiene buena salud y se trabaja en la captaci\u00f3n de nuevos emisores, como el norteamericano. El objetivo, subraya, es consolidar la actividad sin depender \u00fanicamente de r\u00e9cords, sino garantizando estabilidad y calidad en el servicio.<\/p>  <p>Precisamente este lunes, Garc\u00eda se desplaza a Madrid para asistir a HIP &#8211; Horeca Professional Expo, la feria profesional del sector Horeca, donde Hosbec participar\u00e1 en encuentros y ponencias para analizar tendencias en digitalizaci\u00f3n, innovaci\u00f3n e inteligencia artificial aplicadas al turismo. Una cita estrat\u00e9gica para seguir posicionando a Benidorm como destino competitivo y en constante evoluci\u00f3n.<\/p> ","protected":false},"excerpt":{"rendered":"<p>Mayte Garc\u00eda destaca el impacto desestacionalizador del certamen, conf\u00eda en mantener el efecto m\u00fasica pese a la inc\u00f3gnita de Eurovisi\u00f3n y augura una buena primavera<\/p>\n","protected":false},"author":0,"featured_media":22502,"comment_status":"","ping_status":"open","sticky":false,"template":"","format":"standard","meta":{"_acf_changed":false,"footnotes":""},"categories":[1],"tags":[],"class_list":["post-22501","post","type-post","status-publish","format-standard","has-post-thumbnail","hentry","category-sin-categoria"],"acf":{"ser_id":"PLTCFX6BGJGIJGGE5SZFP6AQSA","ser_url":"https:\/\/cadenaser.com\/comunitat-valenciana\/2026\/02\/16\/hosbec-cifra-en-un-88-la-ocupacion-del-fin-de-semana-del-benidorm-fest-y-consolida-el-tiron-turistico-del-evento-radio-benidorm\/"},"_links":{"self":[{"href":"https:\/\/serbenidorm.daliisolutions.com\/index.php\/wp-json\/wp\/v2\/posts\/22501","targetHints":{"allow":["GET"]}}],"collection":[{"href":"https:\/\/serbenidorm.daliisolutions.com\/index.php\/wp-json\/wp\/v2\/posts"}],"about":[{"href":"https:\/\/serbenidorm.daliisolutions.com\/index.php\/wp-json\/wp\/v2\/types\/post"}],"replies":[{"embeddable":true,"href":"https:\/\/serbenidorm.daliisolutions.com\/index.php\/wp-json\/wp\/v2\/comments?post=22501"}],"version-history":[{"count":0,"href":"https:\/\/serbenidorm.daliisolutions.com\/index.php\/wp-json\/wp\/v2\/posts\/22501\/revisions"}],"wp:featuredmedia":[{"embeddable":true,"href":"https:\/\/serbenidorm.daliisolutions.com\/index.php\/wp-json\/wp\/v2\/media\/22502"}],"wp:attachment":[{"href":"https:\/\/serbenidorm.daliisolutions.com\/index.php\/wp-json\/wp\/v2\/media?parent=22501"}],"wp:term":[{"taxonomy":"category","embeddable":true,"href":"https:\/\/serbenidorm.daliisolutions.com\/index.php\/wp-json\/wp\/v2\/categories?post=22501"},{"taxonomy":"post_tag","embeddable":true,"href":"https:\/\/serbenidorm.daliisolutions.com\/index.php\/wp-json\/wp\/v2\/tags?post=22501"}],"curies":[{"name":"wp","href":"https:\/\/api.w.org\/{rel}","templated":true}]}}