{"id":22503,"date":"2026-02-16T14:52:53","date_gmt":"2026-02-16T13:52:53","guid":{"rendered":"https:\/\/serbenidorm.daliisolutions.com\/index.php\/2026\/02\/16\/huelga-de-medicos-en-la-marina-baixa-seguimiento-masivo-pese-a-los-servicios-minimos-abusivos\/"},"modified":"2026-02-16T14:52:53","modified_gmt":"2026-02-16T13:52:53","slug":"huelga-de-medicos-en-la-marina-baixa-seguimiento-masivo-pese-a-los-servicios-minimos-abusivos","status":"publish","type":"post","link":"https:\/\/serbenidorm.daliisolutions.com\/index.php\/2026\/02\/16\/huelga-de-medicos-en-la-marina-baixa-seguimiento-masivo-pese-a-los-servicios-minimos-abusivos\/","title":{"rendered":"Huelga de m\u00e9dicos en la Marina Baixa: seguimiento masivo pese a los servicios m\u00ednimos \u00ababusivos\u00bb"},"content":{"rendered":" <p>Seguimiento masivo de la huelga de m\u00e9dicos en la Marina Baixa pese a los servicios m\u00ednimos fijados por la Conselleria de Sanidad del 85% en hospitales y 50% en centros de salud. <\/p>  <p>El delegado del Sindicato M\u00e9dico en la comarca, Vladimir Herrero, cifra la participaci\u00f3n en un 90% tanto para los centros de Atenci\u00f3n Primaria como en el <a href=\"https:\/\/cadenaser.com\/tag\/benidorm\/a\/\" target=\"_blank\" rel=\"nofollow\" title=\"https:\/\/cadenaser.com\/tag\/benidorm\/a\/\">Hospital de Villajoyosa<\/a>. <\/p>  <p>Se trata de una huelga indefinida e intermitente que va desde este lunes, cuando los sanitarios de han concentrado a las puertas del centro comarcal, hasta el viernes; adem\u00e1s de repetirse una semana de cada mes hasta junio. <\/p>  <p>Todo ello \u00abfrente al atropello perpetrado en el acuerdo de borrador de Estatuto Marco\u00bb, ha explicado Herrero. <\/p>  <p>Entre muchos otros puntos, los m\u00e9dicos reclaman mejoras en las guardias y tener una jornada laboral equiparable al resto de personal sanitario.<\/p> ","protected":false},"excerpt":{"rendered":"<p>El Sindicato M\u00e9dico protesta por el acuerdo para aprobar el borrador del Estatuto Marco<\/p>\n","protected":false},"author":0,"featured_media":22504,"comment_status":"","ping_status":"open","sticky":false,"template":"","format":"standard","meta":{"_acf_changed":false,"footnotes":""},"categories":[1],"tags":[],"class_list":["post-22503","post","type-post","status-publish","format-standard","has-post-thumbnail","hentry","category-sin-categoria"],"acf":{"ser_id":"DNIGONDGH5DQ3EA4LXCPA2SURM","ser_url":"https:\/\/cadenaser.com\/comunitat-valenciana\/2026\/02\/16\/huelga-de-medicos-en-la-marina-baixa-seguimiento-masivo-pese-a-los-servicios-minimos-abusivos-radio-benidorm\/"},"_links":{"self":[{"href":"https:\/\/serbenidorm.daliisolutions.com\/index.php\/wp-json\/wp\/v2\/posts\/22503","targetHints":{"allow":["GET"]}}],"collection":[{"href":"https:\/\/serbenidorm.daliisolutions.com\/index.php\/wp-json\/wp\/v2\/posts"}],"about":[{"href":"https:\/\/serbenidorm.daliisolutions.com\/index.php\/wp-json\/wp\/v2\/types\/post"}],"replies":[{"embeddable":true,"href":"https:\/\/serbenidorm.daliisolutions.com\/index.php\/wp-json\/wp\/v2\/comments?post=22503"}],"version-history":[{"count":0,"href":"https:\/\/serbenidorm.daliisolutions.com\/index.php\/wp-json\/wp\/v2\/posts\/22503\/revisions"}],"wp:featuredmedia":[{"embeddable":true,"href":"https:\/\/serbenidorm.daliisolutions.com\/index.php\/wp-json\/wp\/v2\/media\/22504"}],"wp:attachment":[{"href":"https:\/\/serbenidorm.daliisolutions.com\/index.php\/wp-json\/wp\/v2\/media?parent=22503"}],"wp:term":[{"taxonomy":"category","embeddable":true,"href":"https:\/\/serbenidorm.daliisolutions.com\/index.php\/wp-json\/wp\/v2\/categories?post=22503"},{"taxonomy":"post_tag","embeddable":true,"href":"https:\/\/serbenidorm.daliisolutions.com\/index.php\/wp-json\/wp\/v2\/tags?post=22503"}],"curies":[{"name":"wp","href":"https:\/\/api.w.org\/{rel}","templated":true}]}}