{"id":22527,"date":"2026-02-17T11:57:26","date_gmt":"2026-02-17T10:57:26","guid":{"rendered":"https:\/\/serbenidorm.daliisolutions.com\/index.php\/2026\/02\/17\/la-sub-19-vuelve-a-benidorm-para-preparar-la-ronda-elite-uefa\/"},"modified":"2026-02-17T11:57:26","modified_gmt":"2026-02-17T10:57:26","slug":"la-sub-19-vuelve-a-benidorm-para-preparar-la-ronda-elite-uefa","status":"publish","type":"post","link":"https:\/\/serbenidorm.daliisolutions.com\/index.php\/2026\/02\/17\/la-sub-19-vuelve-a-benidorm-para-preparar-la-ronda-elite-uefa\/","title":{"rendered":"La Sub-19 vuelve a Benidorm para preparar la Ronda \u00c9lite UEFA"},"content":{"rendered":" <p>Benidorm acoge esta semana un doble compromiso internacional con la presencia de la Selecci\u00f3n Espa\u00f1ola sub-19, que disputa dos encuentros amistosos ante Noruega como preparaci\u00f3n para la decisiva Ronda \u00c9lite de la UEFA que se celebrar\u00e1 en la capital tur\u00edstica a finales de marzo. <\/p>  <p>El primero de los partidos se juega este martes a las 15:00 horas, mientras que el segundo tendr\u00e1 lugar el jueves a las 11:00 horas. Ambos encuentros ser\u00e1n ante el combinado noruego y servir\u00e1n como banco de pruebas antes de la cita oficial que decidir\u00e1 el pase al Campeonato de Europa de la categor\u00eda.<\/p>  <p><h3>Preparaci\u00f3n para una Ronda \u00c9lite decisiva<\/h3><\/p>  <p>Benidorm ser\u00e1 sede de la Ronda \u00c9lite los d\u00edas 25, 28 y 31 de marzo, en la que Espa\u00f1a se medir\u00e1 a Pa\u00edses Bajos, Finlandia y Eslovenia. Solo una selecci\u00f3n conseguir\u00e1 el billete para la fase final del Europeo sub-19, que se disputar\u00e1 en Pa\u00eds de Gales del 28 de junio al 11 de julio.<\/p>  <p>El seleccionador Paco Gallardo ha convocado a 26 futbolistas para estos amistosos ante Noruega. El combinado nacional inici\u00f3 ayer su concentraci\u00f3n y la finalizar\u00e1 tras el segundo encuentro.<\/p>  <p>El acceso a ambos partidos en el Guillermo Amor ser\u00e1 libre y gratuito, y tambi\u00e9n podr\u00e1n seguirse a trav\u00e9s de los canales oficiales de la RFEF.<\/p>  <p>La convocatoria est\u00e1 formada por Owen Bosch, Sim\u00f3n Garc\u00eda, Pablo Polo, Jes\u00fas Fortea, \u00d3scar Masqu\u00e9, Mario Rivas, Joan Mart\u00ednez, Samuel Fern\u00e1ndez, Jorge Salinas, Anxo Rodr\u00edguez, Diego Aguado, Jofr\u00e9 Torrens, Ibai Aguirre, Nicol\u00e1s Guill\u00e9n, Andr\u00e9s Anta\u00f1\u00f3n, Selton Sued, Thiago Pitarch, Juan Hern\u00e1ndez, Quim Junyent, Carlos Maci\u00e1, Jos\u00e9 Antonio Morante, Dani Y\u00e1\u00f1ez, Jos\u00e9 \u00c1ngel Gait\u00e1n, Hugo L\u00f3pez, Sergio Esteban y Miguel Llorente.<\/p>  <p>Benidorm vuelve as\u00ed a situarse en el foco del f\u00fatbol internacional de cantera, convirti\u00e9ndose en escenario clave para una generaci\u00f3n que busca clasificarse para el pr\u00f3ximo Campeonato de Europa.<\/p> ","protected":false},"excerpt":{"rendered":"<p>El Estadio Guillermo Amor acoge esta semana un doble compromiso internacional con la presencia de la Selecci\u00f3n Espa\u00f1ola<\/p>\n","protected":false},"author":0,"featured_media":22528,"comment_status":"","ping_status":"open","sticky":false,"template":"","format":"standard","meta":{"_acf_changed":false,"footnotes":""},"categories":[16],"tags":[],"class_list":["post-22527","post","type-post","status-publish","format-standard","has-post-thumbnail","hentry","category-deportes"],"acf":{"ser_id":"ZAPGUIPG4VHLVP5XQJH3BVNRTA","ser_url":"https:\/\/cadenaser.com\/comunitat-valenciana\/2026\/02\/17\/la-sub-19-vuelve-a-benidorm-para-preparar-la-ronda-elite-uefa-radio-benidorm\/"},"_links":{"self":[{"href":"https:\/\/serbenidorm.daliisolutions.com\/index.php\/wp-json\/wp\/v2\/posts\/22527","targetHints":{"allow":["GET"]}}],"collection":[{"href":"https:\/\/serbenidorm.daliisolutions.com\/index.php\/wp-json\/wp\/v2\/posts"}],"about":[{"href":"https:\/\/serbenidorm.daliisolutions.com\/index.php\/wp-json\/wp\/v2\/types\/post"}],"replies":[{"embeddable":true,"href":"https:\/\/serbenidorm.daliisolutions.com\/index.php\/wp-json\/wp\/v2\/comments?post=22527"}],"version-history":[{"count":0,"href":"https:\/\/serbenidorm.daliisolutions.com\/index.php\/wp-json\/wp\/v2\/posts\/22527\/revisions"}],"wp:featuredmedia":[{"embeddable":true,"href":"https:\/\/serbenidorm.daliisolutions.com\/index.php\/wp-json\/wp\/v2\/media\/22528"}],"wp:attachment":[{"href":"https:\/\/serbenidorm.daliisolutions.com\/index.php\/wp-json\/wp\/v2\/media?parent=22527"}],"wp:term":[{"taxonomy":"category","embeddable":true,"href":"https:\/\/serbenidorm.daliisolutions.com\/index.php\/wp-json\/wp\/v2\/categories?post=22527"},{"taxonomy":"post_tag","embeddable":true,"href":"https:\/\/serbenidorm.daliisolutions.com\/index.php\/wp-json\/wp\/v2\/tags?post=22527"}],"curies":[{"name":"wp","href":"https:\/\/api.w.org\/{rel}","templated":true}]}}